{"id":1072,"date":"2017-05-10T12:55:34","date_gmt":"2017-05-10T10:55:34","guid":{"rendered":"http:\/\/www.sud-sdis84.fr\/?p=1072"},"modified":"2017-05-10T12:57:36","modified_gmt":"2017-05-10T10:57:36","slug":"congres-national-sud-sdis-spp-pats-a-lyon","status":"publish","type":"post","link":"https:\/\/www.sud-sdis84.fr\/?p=1072","title":{"rendered":"Congr\u00e8s national SUD SDIS SPP &#038; PATS \u00e0 Lyon"},"content":{"rendered":"<p><img decoding=\"async\" loading=\"lazy\" class=\"aligncenter size-full wp-image-1073\" src=\"https:\/\/www.sud-sdis84.fr\/wp-content\/uploads\/2017\/05\/sud-nationallyon.jpg\" alt=\"\" width=\"1659\" height=\"1353\" srcset=\"https:\/\/www.sud-sdis84.fr\/wp-content\/uploads\/2017\/05\/sud-nationallyon.jpg 1659w, https:\/\/www.sud-sdis84.fr\/wp-content\/uploads\/2017\/05\/sud-nationallyon-300x245.jpg 300w, https:\/\/www.sud-sdis84.fr\/wp-content\/uploads\/2017\/05\/sud-nationallyon-768x626.jpg 768w, https:\/\/www.sud-sdis84.fr\/wp-content\/uploads\/2017\/05\/sud-nationallyon-600x489.jpg 600w\" sizes=\"(max-width: 1659px) 100vw, 1659px\" \/><\/p>\n<p>3 repr\u00e9sentants de SUD SDIS 84 sont \u00e0 Lyon pour le congr\u00e8s national SUD<\/p>\n<p>Ordre du jour ( ou plut\u00f4t de la semaine) :<\/p>\n<div id=\"messagepreview\">\n<div class=\"leftcol\">\n<div id=\"messagebody\">\n<div id=\"message-htmlpart1\" class=\"message-htmlpart\">\n<div class=\"rcmBody\">\n<div>\n<div>\n<div>\n<ul>\n<li><b><span style=\"font-family: Comic Sans MS;\">Temps de travail<\/span><\/b><\/li>\n<li><b><span style=\"font-family: Comic Sans MS;\">RIFSEEP<\/span><\/b><\/li>\n<li><b><span style=\"font-family: Comic Sans MS;\">Dossier CNRACL<\/span><\/b><\/li>\n<li><b><span style=\"font-family: Comic Sans MS;\">Juridique<\/span><\/b><\/li>\n<li><b><span style=\"font-family: Comic Sans MS;\">CNSIS<\/span><\/b><\/li>\n<li><b><span style=\"font-family: Comic Sans MS;\">Droit de gr\u00e8ve(r\u00e9int\u00e9gration)<\/span><\/b><\/li>\n<li><b><span style=\"font-family: Comic Sans MS;\">\u00c9lections Professionnelles 2018<\/span><\/b><\/li>\n<li><b><span style=\"font-family: Comic Sans MS;\">Points sur les r\u00e9unions DGSCGC<\/span><\/b><\/li>\n<li><b><span style=\"font-family: Comic Sans MS;\">Points sur les r\u00e9unions intersyndicales<\/span><\/b><\/li>\n<li><b><span style=\"font-family: Comic Sans MS;\">Intervention d&#8217;un expert CHSCT homologu\u00e9 CARSAT<\/span><\/b><\/li>\n<li>d&#8217;autres d\u00e9partements rejoignent SUD<\/li>\n<li><b><span style=\"font-family: Comic Sans MS;\">Questions diverses\u00a0<\/span><\/b><\/li>\n<\/ul>\n<p>Fid\u00e8les \u00e0 notre mode de travail, nous vous tiendrons \u00e9videmment au courant \u00e0 notre retour.<\/p>\n<\/div>\n<\/div>\n<\/div>\n<\/div>\n<\/div>\n<\/div>\n<\/div>\n<\/div>\n<div class=\"trackable_sharing\"><div class=\"trackable_sharing_text\"><b>Partager avec<\/b><\/div><a href=\"http:\/\/www.facebook.com\/sharer.php?u=https%3A%2F%2Fwww.sud-sdis84.fr%2F%3Fp%3D1072\" style=\"text-decoration: none; white-space: nowrap;\" title=\"Facebook\" target=\"_blank\" onclick=\"that=this;_gaq.push(['_trackEvent','SocialSharing','Facebook','https:\/\/www.sud-sdis84.fr\/?p=1072']); _trackableshare_window = window.open(this.href,'share','menubar=0,resizable=1,width=500,height=350'); _trackableshare_window.focus(); return false;\"><img align=\"absmiddle\" src=\"https:\/\/www.sud-sdis84.fr\/wp-content\/plugins\/trackable-social-share-icons\/buttons\/1\/\/facebook.png\" alt=\"Facebook\" width=\"32\" height=\"32\"><\/a> <a href=\"http:\/\/twitter.com\/share?url=https%3A%2F%2Fwww.sud-sdis84.fr%2F%3Fp%3D1072&text=Congr%C3%A8s+national+SUD+SDIS+SPP+%26%23038%3B+PATS+%C3%A0+Lyon\" style=\"text-decoration: none; white-space: nowrap;\" title=\"Twitter\" target=\"_blank\" onclick=\"that=this;_gaq.push(['_trackEvent','SocialSharing','Twitter','https:\/\/www.sud-sdis84.fr\/?p=1072']); _trackableshare_window = window.open(this.href,'share','menubar=0,resizable=1,width=500,height=350'); _trackableshare_window.focus(); return false;\"><img align=\"absmiddle\" src=\"https:\/\/www.sud-sdis84.fr\/wp-content\/plugins\/trackable-social-share-icons\/buttons\/1\/\/twitter.png\" alt=\"Twitter\" width=\"32\" height=\"32\"><\/a> <a href=\"mailto:?subject=Check out https%3A%2F%2Fwww.sud-sdis84.fr%2F%3Fp%3D1072\" style=\"text-decoration: none; white-space: nowrap;\" title=\"Email\" onclick=\"that=this;_gaq.push(['_trackEvent','SocialSharing','Email','https:\/\/www.sud-sdis84.fr\/?p=1072']); \"><img align=\"absmiddle\" src=\"https:\/\/www.sud-sdis84.fr\/wp-content\/plugins\/trackable-social-share-icons\/buttons\/1\/\/email.png\" alt=\"Email\" width=\"32\" height=\"32\"><\/a> <\/div>","protected":false},"excerpt":{"rendered":"<p>3 repr\u00e9sentants de SUD SDIS 84 sont \u00e0 Lyon pour le congr\u00e8s national SUD Ordre du jour ( ou plut\u00f4t de la semaine) : Temps de travail RIFSEEP Dossier CNRACL [&hellip;]<\/p>\n","protected":false},"author":1,"featured_media":1073,"comment_status":"open","ping_status":"open","sticky":false,"template":"","format":"gallery","meta":[],"categories":[1,16,4],"tags":[],"_links":{"self":[{"href":"https:\/\/www.sud-sdis84.fr\/index.php?rest_route=\/wp\/v2\/posts\/1072"}],"collection":[{"href":"https:\/\/www.sud-sdis84.fr\/index.php?rest_route=\/wp\/v2\/posts"}],"about":[{"href":"https:\/\/www.sud-sdis84.fr\/index.php?rest_route=\/wp\/v2\/types\/post"}],"author":[{"embeddable":true,"href":"https:\/\/www.sud-sdis84.fr\/index.php?rest_route=\/wp\/v2\/users\/1"}],"replies":[{"embeddable":true,"href":"https:\/\/www.sud-sdis84.fr\/index.php?rest_route=%2Fwp%2Fv2%2Fcomments&post=1072"}],"version-history":[{"count":1,"href":"https:\/\/www.sud-sdis84.fr\/index.php?rest_route=\/wp\/v2\/posts\/1072\/revisions"}],"predecessor-version":[{"id":1074,"href":"https:\/\/www.sud-sdis84.fr\/index.php?rest_route=\/wp\/v2\/posts\/1072\/revisions\/1074"}],"wp:featuredmedia":[{"embeddable":true,"href":"https:\/\/www.sud-sdis84.fr\/index.php?rest_route=\/wp\/v2\/media\/1073"}],"wp:attachment":[{"href":"https:\/\/www.sud-sdis84.fr\/index.php?rest_route=%2Fwp%2Fv2%2Fmedia&parent=1072"}],"wp:term":[{"taxonomy":"category","embeddable":true,"href":"https:\/\/www.sud-sdis84.fr\/index.php?rest_route=%2Fwp%2Fv2%2Fcategories&post=1072"},{"taxonomy":"post_tag","embeddable":true,"href":"https:\/\/www.sud-sdis84.fr\/index.php?rest_route=%2Fwp%2Fv2%2Ftags&post=1072"}],"curies":[{"name":"wp","href":"https:\/\/api.w.org\/{rel}","templated":true}]}}