{"id":112,"date":"2011-10-27T11:01:45","date_gmt":"2011-10-27T11:01:45","guid":{"rendered":"http:\/\/www.sud-sdis84.fr\/?p=112"},"modified":"2011-11-04T11:04:37","modified_gmt":"2011-11-04T11:04:37","slug":"question-ecrite-n%c2%b020522-la-senatrice-nicole-bonnefoy-attire-l%e2%80%99attention-du-ministre-de-l%e2%80%99interieur-retrouvez-l%e2%80%99integralite-de-la-question-dans-la-suite-de-l%e2%80%99art","status":"publish","type":"post","link":"https:\/\/www.sud-sdis84.fr\/?p=112","title":{"rendered":"Question \u00e9crite n\u00b020522  La s\u00e9natrice Nicole Bonnefoy attire l\u2019attention du Ministre de l\u2019Int\u00e9rieur.  retrouvez l\u2019int\u00e9gralit\u00e9 de la question dans la suite de l\u2019article"},"content":{"rendered":"<p>&nbsp;<\/p>\n<h2><a href=\"http:\/\/www.sudsdis-national.fr\/wp-content\/uploads\/2011\/10\/senat-le-site.png\"><img decoding=\"async\" loading=\"lazy\" class=\"alignleft\" title=\"senat-le site\" src=\"http:\/\/www.sudsdis-national.fr\/wp-content\/uploads\/2011\/10\/senat-le-site.png\" alt=\"\" width=\"169\" height=\"148\" \/><\/a>Question \u00e9crite n\u00b0 20522 de\u00a0<strong>Mme Nicole Bonnefoy <\/strong>(Charente \u2013 SOC-EELVr)<\/h2>\n<h3>publi\u00e9e dans le JO S\u00e9nat du 20\/10\/2011 \u2013 page 2682<\/h3>\n<p>Mme Nicole Bonnefoy attire l\u2019attention de M. le ministre de  l\u2019int\u00e9rieur, de l\u2019outre-mer, des collectivit\u00e9s territoriales et de  l\u2019immigration sur le profond m\u00e9contentement de certains syndicats et  associations d\u2019\u00e9lus, suite \u00e0 la signature du protocole d\u2019accord visant \u00e0  r\u00e9former la fili\u00e8re des sapeurs-pompiers professionnels.<br \/>\nCe protocole a \u00e9t\u00e9 sign\u00e9 le 23 septembre 2011 entre la F\u00e9d\u00e9ration des  sapeurs-pompiers de France, le minist\u00e8re de l\u2019int\u00e9rieur et seulement  quatre organisations syndicales. Ainsi, de nombreux syndicats  repr\u00e9sentatifs non signataires, tels que la CGT, la CFDT ou la  F\u00e9d\u00e9ration autonome, n\u2019ont pas \u00e9t\u00e9 entendus. Or, ces derniers  s\u2019inqui\u00e8tent fortement des mesures propos\u00e9es par cette r\u00e9forme qui  constituent, selon eux, une r\u00e9gression sociale sans pr\u00e9c\u00e9dent et une  d\u00e9construction de la fili\u00e8re.<\/p>\n<p>L\u2019association des d\u00e9partements de France n\u2019a, elle, pas \u00e9t\u00e9 associ\u00e9e  aux n\u00e9gociations alors m\u00eame que les d\u00e9partements sont les principaux  employeurs et financeurs de cette fili\u00e8re. Son bureau a ainsi refus\u00e9 de  signer ce protocole le 11 octobre dernier.<\/p>\n<p>Il appara\u00eet donc que cette r\u00e9forme ne fasse aucunement consensus et  g\u00e9n\u00e8re de tr\u00e8s fortes inqui\u00e9tudes. C\u2019est pourquoi une manifestation  nationale des sapeurs-pompiers sera organis\u00e9e \u00e0 Paris le 3 novembre  prochain et que de nombreux professionnels feront d\u2019ores et d\u00e9j\u00e0 gr\u00e8ve  le 22 octobre en Charente. Dans ces conditions, il semble difficile, si  ce n\u2019est au d\u00e9triment de l\u2019avenir de la fili\u00e8re, de mener \u00e0 bien cette  r\u00e9forme en l\u2019\u00e9tat.<\/p>\n<p>Elle souhaiterait donc savoir comment le Gouvernement compte entendre  les revendications des syndicats non signataires de ce protocole et des  associations d\u2019\u00e9lus, qui demandent la suspension de cette r\u00e9forme et  l\u2019ouverture imm\u00e9diate d\u2019une nouvelle n\u00e9gociation pour parvenir \u00e0 des  accords qui fassent consensus.<\/p>\n<p>En attente de r\u00e9ponse du Minist\u00e8re de l\u2019int\u00e9rieur, de l\u2019outre-mer,  des collectivit\u00e9s territoriales et de l\u2019immigration En attente d\u2019une  r\u00e9ponse minist\u00e9rielle<\/p>\n<p>En savoir plus:<\/p>\n<ul>\n<li><a href=\"http:\/\/www.senat.fr\/questions\/base\/2011\/qSEQ111020522.html\" target=\"_blank\">Lien direct vers le site du S\u00e9nat<\/a><\/li>\n<\/ul>\n<p><a title=\"sudsdis national\" href=\"http:\/\/www.sudsdis-national.fr\/actualites\/la-reforme-sinvite-au-senat.html\" target=\"_blank\">(article issu du site sudsdis-national.fr)<\/a><\/p>\n<div class=\"trackable_sharing\"><div class=\"trackable_sharing_text\"><b>Partager avec<\/b><\/div><a href=\"http:\/\/www.facebook.com\/sharer.php?u=https%3A%2F%2Fwww.sud-sdis84.fr%2F%3Fp%3D112\" style=\"text-decoration: none; white-space: nowrap;\" title=\"Facebook\" target=\"_blank\" onclick=\"that=this;_gaq.push(['_trackEvent','SocialSharing','Facebook','https:\/\/www.sud-sdis84.fr\/?p=112']); _trackableshare_window = window.open(this.href,'share','menubar=0,resizable=1,width=500,height=350'); _trackableshare_window.focus(); return false;\"><img align=\"absmiddle\" src=\"https:\/\/www.sud-sdis84.fr\/wp-content\/plugins\/trackable-social-share-icons\/buttons\/1\/\/facebook.png\" alt=\"Facebook\" width=\"32\" height=\"32\"><\/a> <a href=\"http:\/\/twitter.com\/share?url=https%3A%2F%2Fwww.sud-sdis84.fr%2F%3Fp%3D112&text=Question+%C3%A9crite+n%C2%B020522++La+s%C3%A9natrice+Nicole+Bonnefoy+attire+l%E2%80%99attention+du+Ministre+de+l%E2%80%99Int%C3%A9rieur.++retrouvez+l%E2%80%99int%C3%A9gralit%C3%A9+de+la+question+dans+la+suite+de+l%E2%80%99article\" style=\"text-decoration: none; white-space: nowrap;\" title=\"Twitter\" target=\"_blank\" onclick=\"that=this;_gaq.push(['_trackEvent','SocialSharing','Twitter','https:\/\/www.sud-sdis84.fr\/?p=112']); _trackableshare_window = window.open(this.href,'share','menubar=0,resizable=1,width=500,height=350'); _trackableshare_window.focus(); return false;\"><img align=\"absmiddle\" src=\"https:\/\/www.sud-sdis84.fr\/wp-content\/plugins\/trackable-social-share-icons\/buttons\/1\/\/twitter.png\" alt=\"Twitter\" width=\"32\" height=\"32\"><\/a> <a href=\"mailto:?subject=Check out https%3A%2F%2Fwww.sud-sdis84.fr%2F%3Fp%3D112\" style=\"text-decoration: none; white-space: nowrap;\" title=\"Email\" onclick=\"that=this;_gaq.push(['_trackEvent','SocialSharing','Email','https:\/\/www.sud-sdis84.fr\/?p=112']); \"><img align=\"absmiddle\" src=\"https:\/\/www.sud-sdis84.fr\/wp-content\/plugins\/trackable-social-share-icons\/buttons\/1\/\/email.png\" alt=\"Email\" width=\"32\" height=\"32\"><\/a> <\/div>","protected":false},"excerpt":{"rendered":"<p>&nbsp; Question \u00e9crite n\u00b0 20522 de\u00a0Mme Nicole Bonnefoy (Charente \u2013 SOC-EELVr) publi\u00e9e dans le JO S\u00e9nat du 20\/10\/2011 \u2013 page 2682 Mme Nicole Bonnefoy attire l\u2019attention de M. le ministre [&hellip;]<\/p>\n","protected":false},"author":1,"featured_media":0,"comment_status":"open","ping_status":"open","sticky":false,"template":"","format":"aside","meta":[],"categories":[1],"tags":[],"_links":{"self":[{"href":"https:\/\/www.sud-sdis84.fr\/index.php?rest_route=\/wp\/v2\/posts\/112"}],"collection":[{"href":"https:\/\/www.sud-sdis84.fr\/index.php?rest_route=\/wp\/v2\/posts"}],"about":[{"href":"https:\/\/www.sud-sdis84.fr\/index.php?rest_route=\/wp\/v2\/types\/post"}],"author":[{"embeddable":true,"href":"https:\/\/www.sud-sdis84.fr\/index.php?rest_route=\/wp\/v2\/users\/1"}],"replies":[{"embeddable":true,"href":"https:\/\/www.sud-sdis84.fr\/index.php?rest_route=%2Fwp%2Fv2%2Fcomments&post=112"}],"version-history":[{"count":4,"href":"https:\/\/www.sud-sdis84.fr\/index.php?rest_route=\/wp\/v2\/posts\/112\/revisions"}],"predecessor-version":[{"id":116,"href":"https:\/\/www.sud-sdis84.fr\/index.php?rest_route=\/wp\/v2\/posts\/112\/revisions\/116"}],"wp:attachment":[{"href":"https:\/\/www.sud-sdis84.fr\/index.php?rest_route=%2Fwp%2Fv2%2Fmedia&parent=112"}],"wp:term":[{"taxonomy":"category","embeddable":true,"href":"https:\/\/www.sud-sdis84.fr\/index.php?rest_route=%2Fwp%2Fv2%2Fcategories&post=112"},{"taxonomy":"post_tag","embeddable":true,"href":"https:\/\/www.sud-sdis84.fr\/index.php?rest_route=%2Fwp%2Fv2%2Ftags&post=112"}],"curies":[{"name":"wp","href":"https:\/\/api.w.org\/{rel}","templated":true}]}}