{"id":128,"date":"2011-11-04T11:40:25","date_gmt":"2011-11-04T11:40:25","guid":{"rendered":"http:\/\/www.sud-sdis84.fr\/?p=128"},"modified":"2011-11-04T11:40:25","modified_gmt":"2011-11-04T11:40:25","slug":"la-manifestation-nationale-des-sapeurs-pompiers-rassemblait-ce-jeudi-plusieurs-milliers-de-personnes-contre-un-projet-de-reforme-de-la-profession","status":"publish","type":"post","link":"https:\/\/www.sud-sdis84.fr\/?p=128","title":{"rendered":"La manifestation nationale des sapeurs-pompiers rassemblait, ce jeudi, plusieurs milliers de personnes contre un projet de r\u00e9forme de la profession."},"content":{"rendered":"<p>A l&#8217;appel d&#8217;une <strong>intersyndicale<\/strong> repr\u00e9sentative de la profession, regroupant la <strong>CGT<\/strong>, la <strong>CFDT<\/strong>, <strong>FA-SPP<\/strong> et <strong>Sud<\/strong>,  les pompiers \u00e9taient regroup\u00e9s derri\u00e8re une banderole sur laquelle on  pouvait lire : &#8220;Fili\u00e8re sacrifi\u00e9e par le plan d&#8217;aust\u00e9rit\u00e9. Non au  d\u00e9mant\u00e8lement de notre profession&#8221;.<\/p>\n<p><strong>Entre 3 000 et 8 000 manifestants<\/strong><\/p>\n<p>Selon les syndicats, quelque <strong>8 000 fonctionnaires<\/strong> ( 3 500, selon la police) ont manifest\u00e9 cet apr\u00e8s-midi pour d\u00e9noncer un  projet de r\u00e9forme de leur fili\u00e8re qui vise \u00e0 modifier les conditions de  carri\u00e8re des sapeurs-pompiers professionnels, en commen\u00e7ant par  supprimer le concours d&#8217;entr\u00e9e \u00e0 la fonction, d\u00e9noncent les soldats du  feu. Des changements li\u00e9s \u00e0 la <strong>r\u00e9forme de la cat\u00e9gorie B<\/strong> de la fonction publique.<\/p>\n<p>artcile complet sur le site <a title=\"manif du 03 novembre 2011\" href=\"http:\/\/www.metrofrance.com\/paris\/les-pompiers-mettent-le-feu-au-pave-parisien\/mkkc!G92puQHeG4NM\/\" target=\"_blank\">metrofrance.com<\/a><\/p>\n<div class=\"trackable_sharing\"><div class=\"trackable_sharing_text\"><b>Partager avec<\/b><\/div><a href=\"http:\/\/www.facebook.com\/sharer.php?u=https%3A%2F%2Fwww.sud-sdis84.fr%2F%3Fp%3D128\" style=\"text-decoration: none; white-space: nowrap;\" title=\"Facebook\" target=\"_blank\" onclick=\"that=this;_gaq.push(['_trackEvent','SocialSharing','Facebook','https:\/\/www.sud-sdis84.fr\/?p=128']); _trackableshare_window = window.open(this.href,'share','menubar=0,resizable=1,width=500,height=350'); _trackableshare_window.focus(); return false;\"><img align=\"absmiddle\" src=\"https:\/\/www.sud-sdis84.fr\/wp-content\/plugins\/trackable-social-share-icons\/buttons\/1\/\/facebook.png\" alt=\"Facebook\" width=\"32\" height=\"32\"><\/a> <a href=\"http:\/\/twitter.com\/share?url=https%3A%2F%2Fwww.sud-sdis84.fr%2F%3Fp%3D128&text=La+manifestation+nationale+des+sapeurs-pompiers+rassemblait%2C+ce+jeudi%2C+plusieurs+milliers+de+personnes+contre+un+projet+de+r%C3%A9forme+de+la+profession.\" style=\"text-decoration: none; white-space: nowrap;\" title=\"Twitter\" target=\"_blank\" onclick=\"that=this;_gaq.push(['_trackEvent','SocialSharing','Twitter','https:\/\/www.sud-sdis84.fr\/?p=128']); _trackableshare_window = window.open(this.href,'share','menubar=0,resizable=1,width=500,height=350'); _trackableshare_window.focus(); return false;\"><img align=\"absmiddle\" src=\"https:\/\/www.sud-sdis84.fr\/wp-content\/plugins\/trackable-social-share-icons\/buttons\/1\/\/twitter.png\" alt=\"Twitter\" width=\"32\" height=\"32\"><\/a> <a href=\"mailto:?subject=Check out https%3A%2F%2Fwww.sud-sdis84.fr%2F%3Fp%3D128\" style=\"text-decoration: none; white-space: nowrap;\" title=\"Email\" onclick=\"that=this;_gaq.push(['_trackEvent','SocialSharing','Email','https:\/\/www.sud-sdis84.fr\/?p=128']); \"><img align=\"absmiddle\" src=\"https:\/\/www.sud-sdis84.fr\/wp-content\/plugins\/trackable-social-share-icons\/buttons\/1\/\/email.png\" alt=\"Email\" width=\"32\" height=\"32\"><\/a> <\/div>","protected":false},"excerpt":{"rendered":"<p>A l&#8217;appel d&#8217;une intersyndicale repr\u00e9sentative de la profession, regroupant la CGT, la CFDT, FA-SPP et Sud, les pompiers \u00e9taient regroup\u00e9s derri\u00e8re une banderole sur laquelle on pouvait lire : &#8220;Fili\u00e8re [&hellip;]<\/p>\n","protected":false},"author":1,"featured_media":0,"comment_status":"open","ping_status":"open","sticky":false,"template":"","format":"gallery","meta":[],"categories":[1,16,4],"tags":[],"_links":{"self":[{"href":"https:\/\/www.sud-sdis84.fr\/index.php?rest_route=\/wp\/v2\/posts\/128"}],"collection":[{"href":"https:\/\/www.sud-sdis84.fr\/index.php?rest_route=\/wp\/v2\/posts"}],"about":[{"href":"https:\/\/www.sud-sdis84.fr\/index.php?rest_route=\/wp\/v2\/types\/post"}],"author":[{"embeddable":true,"href":"https:\/\/www.sud-sdis84.fr\/index.php?rest_route=\/wp\/v2\/users\/1"}],"replies":[{"embeddable":true,"href":"https:\/\/www.sud-sdis84.fr\/index.php?rest_route=%2Fwp%2Fv2%2Fcomments&post=128"}],"version-history":[{"count":2,"href":"https:\/\/www.sud-sdis84.fr\/index.php?rest_route=\/wp\/v2\/posts\/128\/revisions"}],"predecessor-version":[{"id":130,"href":"https:\/\/www.sud-sdis84.fr\/index.php?rest_route=\/wp\/v2\/posts\/128\/revisions\/130"}],"wp:attachment":[{"href":"https:\/\/www.sud-sdis84.fr\/index.php?rest_route=%2Fwp%2Fv2%2Fmedia&parent=128"}],"wp:term":[{"taxonomy":"category","embeddable":true,"href":"https:\/\/www.sud-sdis84.fr\/index.php?rest_route=%2Fwp%2Fv2%2Fcategories&post=128"},{"taxonomy":"post_tag","embeddable":true,"href":"https:\/\/www.sud-sdis84.fr\/index.php?rest_route=%2Fwp%2Fv2%2Ftags&post=128"}],"curies":[{"name":"wp","href":"https:\/\/api.w.org\/{rel}","templated":true}]}}