{"id":134,"date":"2011-11-19T16:09:37","date_gmt":"2011-11-19T16:09:37","guid":{"rendered":"http:\/\/www.sud-sdis84.fr\/?p=134"},"modified":"2012-02-27T16:46:18","modified_gmt":"2012-02-27T16:46:18","slug":"mouvement-de-greve-du-17-novembre-a-lyon","status":"publish","type":"post","link":"https:\/\/www.sud-sdis84.fr\/?p=134","title":{"rendered":"mouvement de gr\u00e8ve du 17 novembre \u00e0 lyon"},"content":{"rendered":"<p><strong>Plusieurs centaines de pompiers ont manifest\u00e9 jeudi en province, notamment \u00e0 Lyon, contre un accord conduisant selon eux &#8221; \u00e0 un d\u00e9mant\u00e8lement du statut de pompiers professionnel&#8221;<\/strong><\/p>\n<p><strong>A Lyon venant de sept d\u00e9partements du sud-est( Rh\u00f4ne,Is\u00e8re,Savoie,Haute-Savoie,Vaucluse, Dr\u00f4me et Loire), les pompiers ont bloqu\u00e9 momentan\u00e9ment la circulation sur l&#8217;autoroute A7, dans les deux sens,et occup\u00e9 bri\u00e8vement les voies de chemins de fer, en gare de Perrache.Actionnant des sir\u00e8nes , faisant exploser des p\u00e9tards et br\u00fbler des fumig\u00e8nes. Les pompiers\u00a0 se sont rassembl\u00e9s pour une minute de silence sur les lieux ou l&#8217;un de leur camarde avait trouv\u00e9 la mort, lors d&#8217;une explosion de gaz, avant de rejoindre la pr\u00e9fecture. Une d\u00e9l\u00e9gation \u00e9tait re\u00e7ue \u00e0 la mi-journ\u00e9e par le pr\u00e9fet de r\u00e9gion.<\/strong><\/p>\n<p><strong>les manifestants r\u00e9pondaient \u00e0 l&#8217;appel CGT,CFDT,FA et SUD.<\/strong><\/p>\n<div class=\"trackable_sharing\"><div class=\"trackable_sharing_text\"><b>Partager avec<\/b><\/div><a href=\"http:\/\/www.facebook.com\/sharer.php?u=https%3A%2F%2Fwww.sud-sdis84.fr%2F%3Fp%3D134\" style=\"text-decoration: none; white-space: nowrap;\" title=\"Facebook\" target=\"_blank\" onclick=\"that=this;_gaq.push(['_trackEvent','SocialSharing','Facebook','https:\/\/www.sud-sdis84.fr\/?p=134']); _trackableshare_window = window.open(this.href,'share','menubar=0,resizable=1,width=500,height=350'); _trackableshare_window.focus(); return false;\"><img align=\"absmiddle\" src=\"https:\/\/www.sud-sdis84.fr\/wp-content\/plugins\/trackable-social-share-icons\/buttons\/1\/\/facebook.png\" alt=\"Facebook\" width=\"32\" height=\"32\"><\/a> <a href=\"http:\/\/twitter.com\/share?url=https%3A%2F%2Fwww.sud-sdis84.fr%2F%3Fp%3D134&text=mouvement+de+gr%C3%A8ve+du+17+novembre+%C3%A0+lyon\" style=\"text-decoration: none; white-space: nowrap;\" title=\"Twitter\" target=\"_blank\" onclick=\"that=this;_gaq.push(['_trackEvent','SocialSharing','Twitter','https:\/\/www.sud-sdis84.fr\/?p=134']); _trackableshare_window = window.open(this.href,'share','menubar=0,resizable=1,width=500,height=350'); _trackableshare_window.focus(); return false;\"><img align=\"absmiddle\" src=\"https:\/\/www.sud-sdis84.fr\/wp-content\/plugins\/trackable-social-share-icons\/buttons\/1\/\/twitter.png\" alt=\"Twitter\" width=\"32\" height=\"32\"><\/a> <a href=\"mailto:?subject=Check out https%3A%2F%2Fwww.sud-sdis84.fr%2F%3Fp%3D134\" style=\"text-decoration: none; white-space: nowrap;\" title=\"Email\" onclick=\"that=this;_gaq.push(['_trackEvent','SocialSharing','Email','https:\/\/www.sud-sdis84.fr\/?p=134']); \"><img align=\"absmiddle\" src=\"https:\/\/www.sud-sdis84.fr\/wp-content\/plugins\/trackable-social-share-icons\/buttons\/1\/\/email.png\" alt=\"Email\" width=\"32\" height=\"32\"><\/a> <\/div>","protected":false},"excerpt":{"rendered":"<p>Plusieurs centaines de pompiers ont manifest\u00e9 jeudi en province, notamment \u00e0 Lyon, contre un accord conduisant selon eux &#8221; \u00e0 un d\u00e9mant\u00e8lement du statut de pompiers professionnel&#8221; A Lyon venant [&hellip;]<\/p>\n","protected":false},"author":2,"featured_media":0,"comment_status":"open","ping_status":"open","sticky":false,"template":"","format":"gallery","meta":[],"categories":[1],"tags":[],"_links":{"self":[{"href":"https:\/\/www.sud-sdis84.fr\/index.php?rest_route=\/wp\/v2\/posts\/134"}],"collection":[{"href":"https:\/\/www.sud-sdis84.fr\/index.php?rest_route=\/wp\/v2\/posts"}],"about":[{"href":"https:\/\/www.sud-sdis84.fr\/index.php?rest_route=\/wp\/v2\/types\/post"}],"author":[{"embeddable":true,"href":"https:\/\/www.sud-sdis84.fr\/index.php?rest_route=\/wp\/v2\/users\/2"}],"replies":[{"embeddable":true,"href":"https:\/\/www.sud-sdis84.fr\/index.php?rest_route=%2Fwp%2Fv2%2Fcomments&post=134"}],"version-history":[{"count":8,"href":"https:\/\/www.sud-sdis84.fr\/index.php?rest_route=\/wp\/v2\/posts\/134\/revisions"}],"predecessor-version":[{"id":139,"href":"https:\/\/www.sud-sdis84.fr\/index.php?rest_route=\/wp\/v2\/posts\/134\/revisions\/139"}],"wp:attachment":[{"href":"https:\/\/www.sud-sdis84.fr\/index.php?rest_route=%2Fwp%2Fv2%2Fmedia&parent=134"}],"wp:term":[{"taxonomy":"category","embeddable":true,"href":"https:\/\/www.sud-sdis84.fr\/index.php?rest_route=%2Fwp%2Fv2%2Fcategories&post=134"},{"taxonomy":"post_tag","embeddable":true,"href":"https:\/\/www.sud-sdis84.fr\/index.php?rest_route=%2Fwp%2Fv2%2Ftags&post=134"}],"curies":[{"name":"wp","href":"https:\/\/api.w.org\/{rel}","templated":true}]}}