{"id":183,"date":"2012-01-06T20:26:38","date_gmt":"2012-01-06T20:26:38","guid":{"rendered":"http:\/\/www.sud-sdis84.fr\/?p=183"},"modified":"2012-01-18T14:07:38","modified_gmt":"2012-01-18T14:07:38","slug":"une-journee-de-carence-est-instauree-pour-les-fonctionnaires-en-cas-darret-de-maladie","status":"publish","type":"post","link":"https:\/\/www.sud-sdis84.fr\/?p=183","title":{"rendered":"Une journ\u00e9e de carence est instaur\u00e9e pour les fonctionnaires en cas d\u2019arr\u00eat de maladie."},"content":{"rendered":"<div>\n<div>\n<div><span style=\"color: #ff0000;\">DERNIERE MINUTE !!!<\/span><\/div>\n<div><\/div>\n<div><span style=\"color: #ff0000;\">&#8220;pour le sdis 84 le d\u00e9compte de la journ\u00e9e de carence se fera au 1\/30 (applicable au 1er janvier de cette ann\u00e9e)&#8221;<\/span><\/div>\n<div><\/div>\n<div><\/div>\n<div>Pour r\u00e9aliser des \u00e9conomies suppl\u00e9mentaires, le Gouvernement a int\u00e9gr\u00e9 \u00e0 la loi de Finances 2012 l\u2019instauration d\u2019une journ\u00e9e de carence pour les agents publics, les fonctionnaires et agents non titulaires de droit public, plac\u00e9s en cong\u00e9 de maladie ordinaire. Les agents concern\u00e9s ne per\u00e7evront plus leur r\u00e9mun\u00e9ration au titre du premier jour de ce cong\u00e9. Ce d\u00e9lai de carence ne s\u2019applique cependant pas aux cong\u00e9s de longue maladie, aux cong\u00e9s de longue dur\u00e9e, aux cong\u00e9s pour accident de service ou maladie professionnelle et aux cong\u00e9s accord\u00e9s \u00e0 l&#8217;occasion des \u00e9v\u00e8nements figurant \u00e0 l&#8217;article L27 du code des pensions civiles et militaires de retraite (acte de d\u00e9vouement dans un int\u00e9r\u00eat public) (art.105).<\/div>\n<div><\/div>\n<div><em>En cas d\u2019arr\u00eat de maladie, un d\u00e9lai de carence d\u2019un jour est instaur\u00e9 pour les agents publics, les\u00a0 fonctionnaires et les agents non titualires de droit public.\u00a0<\/em><\/div>\n<\/div>\n<\/div>\n<div class=\"trackable_sharing\"><div class=\"trackable_sharing_text\"><b>Partager avec<\/b><\/div><a href=\"http:\/\/www.facebook.com\/sharer.php?u=https%3A%2F%2Fwww.sud-sdis84.fr%2F%3Fp%3D183\" style=\"text-decoration: none; white-space: nowrap;\" title=\"Facebook\" target=\"_blank\" onclick=\"that=this;_gaq.push(['_trackEvent','SocialSharing','Facebook','https:\/\/www.sud-sdis84.fr\/?p=183']); _trackableshare_window = window.open(this.href,'share','menubar=0,resizable=1,width=500,height=350'); _trackableshare_window.focus(); return false;\"><img align=\"absmiddle\" src=\"https:\/\/www.sud-sdis84.fr\/wp-content\/plugins\/trackable-social-share-icons\/buttons\/1\/\/facebook.png\" alt=\"Facebook\" width=\"32\" height=\"32\"><\/a> <a href=\"http:\/\/twitter.com\/share?url=https%3A%2F%2Fwww.sud-sdis84.fr%2F%3Fp%3D183&text=Une+journ%C3%A9e+de+carence+est+instaur%C3%A9e+pour+les+fonctionnaires+en+cas+d%E2%80%99arr%C3%AAt+de+maladie.\" style=\"text-decoration: none; white-space: nowrap;\" title=\"Twitter\" target=\"_blank\" onclick=\"that=this;_gaq.push(['_trackEvent','SocialSharing','Twitter','https:\/\/www.sud-sdis84.fr\/?p=183']); _trackableshare_window = window.open(this.href,'share','menubar=0,resizable=1,width=500,height=350'); _trackableshare_window.focus(); return false;\"><img align=\"absmiddle\" src=\"https:\/\/www.sud-sdis84.fr\/wp-content\/plugins\/trackable-social-share-icons\/buttons\/1\/\/twitter.png\" alt=\"Twitter\" width=\"32\" height=\"32\"><\/a> <a href=\"mailto:?subject=Check out https%3A%2F%2Fwww.sud-sdis84.fr%2F%3Fp%3D183\" style=\"text-decoration: none; white-space: nowrap;\" title=\"Email\" onclick=\"that=this;_gaq.push(['_trackEvent','SocialSharing','Email','https:\/\/www.sud-sdis84.fr\/?p=183']); \"><img align=\"absmiddle\" src=\"https:\/\/www.sud-sdis84.fr\/wp-content\/plugins\/trackable-social-share-icons\/buttons\/1\/\/email.png\" alt=\"Email\" width=\"32\" height=\"32\"><\/a> <\/div>","protected":false},"excerpt":{"rendered":"<p>DERNIERE MINUTE !!! &#8220;pour le sdis 84 le d\u00e9compte de la journ\u00e9e de carence se fera au 1\/30 (applicable au 1er janvier de cette ann\u00e9e)&#8221; Pour r\u00e9aliser des \u00e9conomies suppl\u00e9mentaires, [&hellip;]<\/p>\n","protected":false},"author":1,"featured_media":0,"comment_status":"open","ping_status":"open","sticky":false,"template":"","format":"gallery","meta":[],"categories":[5,1,9,4],"tags":[],"_links":{"self":[{"href":"https:\/\/www.sud-sdis84.fr\/index.php?rest_route=\/wp\/v2\/posts\/183"}],"collection":[{"href":"https:\/\/www.sud-sdis84.fr\/index.php?rest_route=\/wp\/v2\/posts"}],"about":[{"href":"https:\/\/www.sud-sdis84.fr\/index.php?rest_route=\/wp\/v2\/types\/post"}],"author":[{"embeddable":true,"href":"https:\/\/www.sud-sdis84.fr\/index.php?rest_route=\/wp\/v2\/users\/1"}],"replies":[{"embeddable":true,"href":"https:\/\/www.sud-sdis84.fr\/index.php?rest_route=%2Fwp%2Fv2%2Fcomments&post=183"}],"version-history":[{"count":6,"href":"https:\/\/www.sud-sdis84.fr\/index.php?rest_route=\/wp\/v2\/posts\/183\/revisions"}],"predecessor-version":[{"id":214,"href":"https:\/\/www.sud-sdis84.fr\/index.php?rest_route=\/wp\/v2\/posts\/183\/revisions\/214"}],"wp:attachment":[{"href":"https:\/\/www.sud-sdis84.fr\/index.php?rest_route=%2Fwp%2Fv2%2Fmedia&parent=183"}],"wp:term":[{"taxonomy":"category","embeddable":true,"href":"https:\/\/www.sud-sdis84.fr\/index.php?rest_route=%2Fwp%2Fv2%2Fcategories&post=183"},{"taxonomy":"post_tag","embeddable":true,"href":"https:\/\/www.sud-sdis84.fr\/index.php?rest_route=%2Fwp%2Fv2%2Ftags&post=183"}],"curies":[{"name":"wp","href":"https:\/\/api.w.org\/{rel}","templated":true}]}}