{"id":185,"date":"2012-01-06T20:29:12","date_gmt":"2012-01-06T20:29:12","guid":{"rendered":"http:\/\/www.sud-sdis84.fr\/?p=185"},"modified":"2012-01-06T20:29:12","modified_gmt":"2012-01-06T20:29:12","slug":"un-releve-de-situation-individuelle-disponible-en-ligne","status":"publish","type":"post","link":"https:\/\/www.sud-sdis84.fr\/?p=185","title":{"rendered":"Un relev\u00e9 de situation individuelle disponible en ligne"},"content":{"rendered":"<div>Un relev\u00e9 de situation individuelle permettant d&#8217;avoir une vision globale de ses droits \u00e0 la retraite tous r\u00e9gimes confondus est d\u00e9sormais disponible en ligne, a annonc\u00e9 mardi 3 janvier 2012 le GIP Info Retraite.<\/div>\n<div>Pour avoir une id\u00e9e de ses droits exprim\u00e9s en trimestres (r\u00e9gime g\u00e9n\u00e9ral) ou en points (r\u00e9gimes compl\u00e9mentaires), la proc\u00e9dure est assez simple.<br \/>\nIl faut se rendre sur <a title=\"Le lien vers le site\" href=\"https:\/\/www.lassuranceretraite.fr\/cs\/Satellite\/PUBPrincipale\" target=\"_blank\">le site www.lassuranceretraite.fr<\/a> ou sur celui des r\u00e9gimes regroup\u00e9s dans le GIP (r\u00e9gimes des fonctionnaires, des agriculteurs,\u00a0 des ind\u00e9pendants,\u00a0Cnav, Agirc-Arrco, etc.) dont on d\u00e9pend et se connecter avec son num\u00e9ro de s\u00e9curit\u00e9 sociale et un mot de passe.<br \/>\nEn cliquant sur \u00ab\u00a0mon relev\u00e9\u00a0\u00bb, un ic\u00f4ne commun \u00e0 toutes les grandes caisses de retraite, l\u2019assur\u00e9 obtient dans les 10 secondes ou au pire, par e-mail, dans les 24 heures, son relev\u00e9 de situation.<br \/>\nS\u2019il veut avoir une id\u00e9e de ce que pourrait \u00eatre le montant de sa retraite, il peut cliquer sur un lien pour acc\u00e9der <a title=\"Le lien vers le site\" href=\"http:\/\/www.marel.fr\/\" target=\"_blank\">au site www.marel.fr<\/a> et rentrer les \u00e9l\u00e9ments de son relev\u00e9 de situation.<br \/>\nMais ce ne sera qu\u2019une vague estimation.<br \/>\nCe service est maintenant disponible pour une large majorit\u00e9 d\u2019actifs proches de la retraite.<br \/>\n\u00ab\u00a0Les salari\u00e9s des r\u00e9gimes sp\u00e9ciaux, trop minoritaires, ne peuvent avoir de relev\u00e9 en ligne mais peuvent faire une demande \u00e9crite \u00e0 leur caisse de retraite\u00a0\u00bb, a indiqu\u00e9 \u00e0 l\u2019AFP Florence Barat-Payraud, secr\u00e9taire g\u00e9n\u00e9rale du GIP Info retraite, qui unifie l\u2019information des diff\u00e9rents r\u00e9gimes de retraites.<br \/>\nLe droit pour toute personne d\u2019obtenir un relev\u00e9 de sa situation individuelle au regard de ses droits \u00e0 la retraite a \u00e9t\u00e9 instaur\u00e9 par la loi Fillon de 2003. La loi du 9 novembre 2010 a ajout\u00e9 que ce relev\u00e9 pouvait \u00eatre obtenu par voie \u00e9lectronique.<\/div>\n<div class=\"trackable_sharing\"><div class=\"trackable_sharing_text\"><b>Partager avec<\/b><\/div><a href=\"http:\/\/www.facebook.com\/sharer.php?u=https%3A%2F%2Fwww.sud-sdis84.fr%2F%3Fp%3D185\" style=\"text-decoration: none; white-space: nowrap;\" title=\"Facebook\" target=\"_blank\" onclick=\"that=this;_gaq.push(['_trackEvent','SocialSharing','Facebook','https:\/\/www.sud-sdis84.fr\/?p=185']); _trackableshare_window = window.open(this.href,'share','menubar=0,resizable=1,width=500,height=350'); _trackableshare_window.focus(); return false;\"><img align=\"absmiddle\" src=\"https:\/\/www.sud-sdis84.fr\/wp-content\/plugins\/trackable-social-share-icons\/buttons\/1\/\/facebook.png\" alt=\"Facebook\" width=\"32\" height=\"32\"><\/a> <a href=\"http:\/\/twitter.com\/share?url=https%3A%2F%2Fwww.sud-sdis84.fr%2F%3Fp%3D185&text=Un+relev%C3%A9+de+situation+individuelle+disponible+en+ligne\" style=\"text-decoration: none; white-space: nowrap;\" title=\"Twitter\" target=\"_blank\" onclick=\"that=this;_gaq.push(['_trackEvent','SocialSharing','Twitter','https:\/\/www.sud-sdis84.fr\/?p=185']); _trackableshare_window = window.open(this.href,'share','menubar=0,resizable=1,width=500,height=350'); _trackableshare_window.focus(); return false;\"><img align=\"absmiddle\" src=\"https:\/\/www.sud-sdis84.fr\/wp-content\/plugins\/trackable-social-share-icons\/buttons\/1\/\/twitter.png\" alt=\"Twitter\" width=\"32\" height=\"32\"><\/a> <a href=\"mailto:?subject=Check out https%3A%2F%2Fwww.sud-sdis84.fr%2F%3Fp%3D185\" style=\"text-decoration: none; white-space: nowrap;\" title=\"Email\" onclick=\"that=this;_gaq.push(['_trackEvent','SocialSharing','Email','https:\/\/www.sud-sdis84.fr\/?p=185']); \"><img align=\"absmiddle\" src=\"https:\/\/www.sud-sdis84.fr\/wp-content\/plugins\/trackable-social-share-icons\/buttons\/1\/\/email.png\" alt=\"Email\" width=\"32\" height=\"32\"><\/a> <\/div>","protected":false},"excerpt":{"rendered":"<p>Un relev\u00e9 de situation individuelle permettant d&#8217;avoir une vision globale de ses droits \u00e0 la retraite tous r\u00e9gimes confondus est d\u00e9sormais disponible en ligne, a annonc\u00e9 mardi 3 janvier 2012 [&hellip;]<\/p>\n","protected":false},"author":1,"featured_media":0,"comment_status":"open","ping_status":"open","sticky":false,"template":"","format":"gallery","meta":[],"categories":[5,1,3],"tags":[],"_links":{"self":[{"href":"https:\/\/www.sud-sdis84.fr\/index.php?rest_route=\/wp\/v2\/posts\/185"}],"collection":[{"href":"https:\/\/www.sud-sdis84.fr\/index.php?rest_route=\/wp\/v2\/posts"}],"about":[{"href":"https:\/\/www.sud-sdis84.fr\/index.php?rest_route=\/wp\/v2\/types\/post"}],"author":[{"embeddable":true,"href":"https:\/\/www.sud-sdis84.fr\/index.php?rest_route=\/wp\/v2\/users\/1"}],"replies":[{"embeddable":true,"href":"https:\/\/www.sud-sdis84.fr\/index.php?rest_route=%2Fwp%2Fv2%2Fcomments&post=185"}],"version-history":[{"count":1,"href":"https:\/\/www.sud-sdis84.fr\/index.php?rest_route=\/wp\/v2\/posts\/185\/revisions"}],"predecessor-version":[{"id":186,"href":"https:\/\/www.sud-sdis84.fr\/index.php?rest_route=\/wp\/v2\/posts\/185\/revisions\/186"}],"wp:attachment":[{"href":"https:\/\/www.sud-sdis84.fr\/index.php?rest_route=%2Fwp%2Fv2%2Fmedia&parent=185"}],"wp:term":[{"taxonomy":"category","embeddable":true,"href":"https:\/\/www.sud-sdis84.fr\/index.php?rest_route=%2Fwp%2Fv2%2Fcategories&post=185"},{"taxonomy":"post_tag","embeddable":true,"href":"https:\/\/www.sud-sdis84.fr\/index.php?rest_route=%2Fwp%2Fv2%2Ftags&post=185"}],"curies":[{"name":"wp","href":"https:\/\/api.w.org\/{rel}","templated":true}]}}