{"id":187,"date":"2012-01-04T20:31:03","date_gmt":"2012-01-04T20:31:03","guid":{"rendered":"http:\/\/www.sud-sdis84.fr\/?p=187"},"modified":"2012-01-06T20:31:57","modified_gmt":"2012-01-06T20:31:57","slug":"comites-techniques-et-commissions-administratives-paritaires","status":"publish","type":"post","link":"https:\/\/www.sud-sdis84.fr\/?p=187","title":{"rendered":"Comit\u00e9s Techniques et Commissions Administratives Paritaires"},"content":{"rendered":"<div>\n<div><a title=\"Le d\u00e9cret sur Legifrance\" href=\"http:\/\/www.legifrance.gouv.fr\/affichTexte.do%3bjsessionid%3d?cidTexte=JORFTEXT000025047312&amp;dateTexte=&amp;oldAction=rechJO&amp;categorieLien=id\" target=\"_blank\">D\u00e9cret n\u00b0 2011-2010 du 27 d\u00e9cembre 2011, JO du 29 d\u00e9cembre 2011<\/a><\/div>\n<p>La composition, les modalit\u00e9s d&#8217;organisation des \u00e9lections des repr\u00e9sentants du personnel et le fonctionnement des comit\u00e9s techniques et des commissions administratives paritaires sont modifi\u00e9s, pour tenir compte des dispositions de la loi du 5 juillet 2010 relative \u00e0 la r\u00e9novation du dialogue social et comportant diverses dispositions relatives \u00e0 la fonction publique.<\/p>\n<\/div>\n<div>Les principales dispositions concernant les deux instances consultatives portent sur la r\u00e9duction de la dur\u00e9e du mandat \u00e0 quatre ans, sur les \u00e9lections \u00e0 un seul tour de scrutin au lieu de deux et sur la r\u00e9f\u00e9rence aux nouvelles r\u00e8gles applicables aux organisations syndicales pour se pr\u00e9senter aux \u00e9lections professionnelles, fix\u00e9es par l\u2019article 9 bis de la loi du 13 juillet 1983 modifi\u00e9e.<br \/>\nLes dispositions sp\u00e9cifiques aux comit\u00e9s techniques tirent notamment les cons\u00e9quences du caract\u00e8re d\u00e9sormais facultatif de la parit\u00e9 num\u00e9rique et de la participation des repr\u00e9sentants de la collectivit\u00e9 aux votes.<br \/>\nLes r\u00e8gles relatives \u00e0 la composition et au fonctionnement entrent en vigueur \u00e0 compter du premier renouvellement g\u00e9n\u00e9ral des comit\u00e9s techniques et des commissions administratives paritaires de la fonction publique territoriale (fin 2014).<\/div>\n<div class=\"trackable_sharing\"><div class=\"trackable_sharing_text\"><b>Partager avec<\/b><\/div><a href=\"http:\/\/www.facebook.com\/sharer.php?u=https%3A%2F%2Fwww.sud-sdis84.fr%2F%3Fp%3D187\" style=\"text-decoration: none; white-space: nowrap;\" title=\"Facebook\" target=\"_blank\" onclick=\"that=this;_gaq.push(['_trackEvent','SocialSharing','Facebook','https:\/\/www.sud-sdis84.fr\/?p=187']); _trackableshare_window = window.open(this.href,'share','menubar=0,resizable=1,width=500,height=350'); _trackableshare_window.focus(); return false;\"><img align=\"absmiddle\" src=\"https:\/\/www.sud-sdis84.fr\/wp-content\/plugins\/trackable-social-share-icons\/buttons\/1\/\/facebook.png\" alt=\"Facebook\" width=\"32\" height=\"32\"><\/a> <a href=\"http:\/\/twitter.com\/share?url=https%3A%2F%2Fwww.sud-sdis84.fr%2F%3Fp%3D187&text=Comit%C3%A9s+Techniques+et+Commissions+Administratives+Paritaires\" style=\"text-decoration: none; white-space: nowrap;\" title=\"Twitter\" target=\"_blank\" onclick=\"that=this;_gaq.push(['_trackEvent','SocialSharing','Twitter','https:\/\/www.sud-sdis84.fr\/?p=187']); _trackableshare_window = window.open(this.href,'share','menubar=0,resizable=1,width=500,height=350'); _trackableshare_window.focus(); return false;\"><img align=\"absmiddle\" src=\"https:\/\/www.sud-sdis84.fr\/wp-content\/plugins\/trackable-social-share-icons\/buttons\/1\/\/twitter.png\" alt=\"Twitter\" width=\"32\" height=\"32\"><\/a> <a href=\"mailto:?subject=Check out https%3A%2F%2Fwww.sud-sdis84.fr%2F%3Fp%3D187\" style=\"text-decoration: none; white-space: nowrap;\" title=\"Email\" onclick=\"that=this;_gaq.push(['_trackEvent','SocialSharing','Email','https:\/\/www.sud-sdis84.fr\/?p=187']); \"><img align=\"absmiddle\" src=\"https:\/\/www.sud-sdis84.fr\/wp-content\/plugins\/trackable-social-share-icons\/buttons\/1\/\/email.png\" alt=\"Email\" width=\"32\" height=\"32\"><\/a> <\/div>","protected":false},"excerpt":{"rendered":"<p>D\u00e9cret n\u00b0 2011-2010 du 27 d\u00e9cembre 2011, JO du 29 d\u00e9cembre 2011 La composition, les modalit\u00e9s d&#8217;organisation des \u00e9lections des repr\u00e9sentants du personnel et le fonctionnement des comit\u00e9s techniques et [&hellip;]<\/p>\n","protected":false},"author":1,"featured_media":0,"comment_status":"open","ping_status":"open","sticky":false,"template":"","format":"gallery","meta":[],"categories":[5,1],"tags":[],"_links":{"self":[{"href":"https:\/\/www.sud-sdis84.fr\/index.php?rest_route=\/wp\/v2\/posts\/187"}],"collection":[{"href":"https:\/\/www.sud-sdis84.fr\/index.php?rest_route=\/wp\/v2\/posts"}],"about":[{"href":"https:\/\/www.sud-sdis84.fr\/index.php?rest_route=\/wp\/v2\/types\/post"}],"author":[{"embeddable":true,"href":"https:\/\/www.sud-sdis84.fr\/index.php?rest_route=\/wp\/v2\/users\/1"}],"replies":[{"embeddable":true,"href":"https:\/\/www.sud-sdis84.fr\/index.php?rest_route=%2Fwp%2Fv2%2Fcomments&post=187"}],"version-history":[{"count":4,"href":"https:\/\/www.sud-sdis84.fr\/index.php?rest_route=\/wp\/v2\/posts\/187\/revisions"}],"predecessor-version":[{"id":191,"href":"https:\/\/www.sud-sdis84.fr\/index.php?rest_route=\/wp\/v2\/posts\/187\/revisions\/191"}],"wp:attachment":[{"href":"https:\/\/www.sud-sdis84.fr\/index.php?rest_route=%2Fwp%2Fv2%2Fmedia&parent=187"}],"wp:term":[{"taxonomy":"category","embeddable":true,"href":"https:\/\/www.sud-sdis84.fr\/index.php?rest_route=%2Fwp%2Fv2%2Fcategories&post=187"},{"taxonomy":"post_tag","embeddable":true,"href":"https:\/\/www.sud-sdis84.fr\/index.php?rest_route=%2Fwp%2Fv2%2Ftags&post=187"}],"curies":[{"name":"wp","href":"https:\/\/api.w.org\/{rel}","templated":true}]}}