{"id":19,"date":"2011-01-06T15:40:10","date_gmt":"2011-01-06T15:40:10","guid":{"rendered":"http:\/\/www.sud-sdis84.fr\/?p=19"},"modified":"2011-03-09T15:43:29","modified_gmt":"2011-03-09T15:43:29","slug":"le-ministre-de-la-fonction-publique-a-informe%cc%81-solidaires-de-l%e2%80%99incidence-de-la-revalorisation-de-16-du-salaire-minimum-de-croissance-smic-dans-le-secteur-prive%cc%81-sur-la-remune","status":"publish","type":"post","link":"https:\/\/www.sud-sdis84.fr\/?p=19","title":{"rendered":"Revalorisation bas salaires FP"},"content":{"rendered":"<p><a rel=\"attachment wp-att-11\" href=\"https:\/\/www.sud-sdis84.fr\/?attachment_id=11\"><img decoding=\"async\" loading=\"lazy\" class=\"alignleft size-full wp-image-11\" title=\"dsc\" src=\"https:\/\/www.sud-sdis84.fr\/wp-content\/uploads\/2011\/03\/dsc.jpg\" alt=\"\" width=\"93\" height=\"120\" \/><\/a><\/p>\n<p><strong>Le Ministre de la Fonction Publique a informe\u0301 Solidaires de l\u2019incidence de la revalorisation, de + 1,6 %, du salaire minimum de croissance (SMIC dans le secteur prive\u0301) sur la r\u00e9mun\u00e9ration\u00a0\u00a0 des agents publics. <\/strong><\/p>\n<p>Lire ci-apr\u00e8s le courrier de Solidaires<\/p>\n<p>Le minimum sera releve\u0301, a\u0300 compter du 1er janvier 2011. Concr\u00e8tement le gain brut sera de 13,89 \u20ac.<\/p>\n<p>Des points d\u2019indices seront attribu\u00e9s sur les premiers \u00e9chelons des \u00e9ch\u00e8les 3, 4, 5.<\/p>\n<p>Pour Solidiares, ces mesures sont insuffisantes.<\/p>\n<p><a title=\"Courrier Solidaires fonction publique\" href=\"http:\/\/www.sudsdis-national.fr\/wp-content\/uploads\/2011\/01\/Revalorisation-bas-salaires-FP.pdf\" target=\"_blank\">Lire le courrier de Solidaires du 4 janvier 2011.<\/a><\/p>\n<div class=\"trackable_sharing\"><div class=\"trackable_sharing_text\"><b>Partager avec<\/b><\/div><a href=\"http:\/\/www.facebook.com\/sharer.php?u=https%3A%2F%2Fwww.sud-sdis84.fr%2F%3Fp%3D19\" style=\"text-decoration: none; white-space: nowrap;\" title=\"Facebook\" target=\"_blank\" onclick=\"that=this;_gaq.push(['_trackEvent','SocialSharing','Facebook','https:\/\/www.sud-sdis84.fr\/?p=19']); _trackableshare_window = window.open(this.href,'share','menubar=0,resizable=1,width=500,height=350'); _trackableshare_window.focus(); return false;\"><img align=\"absmiddle\" src=\"https:\/\/www.sud-sdis84.fr\/wp-content\/plugins\/trackable-social-share-icons\/buttons\/1\/\/facebook.png\" alt=\"Facebook\" width=\"32\" height=\"32\"><\/a> <a href=\"http:\/\/twitter.com\/share?url=https%3A%2F%2Fwww.sud-sdis84.fr%2F%3Fp%3D19&text=Revalorisation+bas+salaires+FP\" style=\"text-decoration: none; white-space: nowrap;\" title=\"Twitter\" target=\"_blank\" onclick=\"that=this;_gaq.push(['_trackEvent','SocialSharing','Twitter','https:\/\/www.sud-sdis84.fr\/?p=19']); _trackableshare_window = window.open(this.href,'share','menubar=0,resizable=1,width=500,height=350'); _trackableshare_window.focus(); return false;\"><img align=\"absmiddle\" src=\"https:\/\/www.sud-sdis84.fr\/wp-content\/plugins\/trackable-social-share-icons\/buttons\/1\/\/twitter.png\" alt=\"Twitter\" width=\"32\" height=\"32\"><\/a> <a href=\"mailto:?subject=Check out https%3A%2F%2Fwww.sud-sdis84.fr%2F%3Fp%3D19\" style=\"text-decoration: none; white-space: nowrap;\" title=\"Email\" onclick=\"that=this;_gaq.push(['_trackEvent','SocialSharing','Email','https:\/\/www.sud-sdis84.fr\/?p=19']); \"><img align=\"absmiddle\" src=\"https:\/\/www.sud-sdis84.fr\/wp-content\/plugins\/trackable-social-share-icons\/buttons\/1\/\/email.png\" alt=\"Email\" width=\"32\" height=\"32\"><\/a> <\/div>","protected":false},"excerpt":{"rendered":"<p>Le Ministre de la Fonction Publique a informe\u0301 Solidaires de l\u2019incidence de la revalorisation, de + 1,6 %, du salaire minimum de croissance (SMIC dans le secteur prive\u0301) sur la [&hellip;]<\/p>\n","protected":false},"author":1,"featured_media":0,"comment_status":"open","ping_status":"open","sticky":false,"template":"","format":"standard","meta":[],"categories":[5,9],"tags":[10],"_links":{"self":[{"href":"https:\/\/www.sud-sdis84.fr\/index.php?rest_route=\/wp\/v2\/posts\/19"}],"collection":[{"href":"https:\/\/www.sud-sdis84.fr\/index.php?rest_route=\/wp\/v2\/posts"}],"about":[{"href":"https:\/\/www.sud-sdis84.fr\/index.php?rest_route=\/wp\/v2\/types\/post"}],"author":[{"embeddable":true,"href":"https:\/\/www.sud-sdis84.fr\/index.php?rest_route=\/wp\/v2\/users\/1"}],"replies":[{"embeddable":true,"href":"https:\/\/www.sud-sdis84.fr\/index.php?rest_route=%2Fwp%2Fv2%2Fcomments&post=19"}],"version-history":[{"count":8,"href":"https:\/\/www.sud-sdis84.fr\/index.php?rest_route=\/wp\/v2\/posts\/19\/revisions"}],"predecessor-version":[{"id":27,"href":"https:\/\/www.sud-sdis84.fr\/index.php?rest_route=\/wp\/v2\/posts\/19\/revisions\/27"}],"wp:attachment":[{"href":"https:\/\/www.sud-sdis84.fr\/index.php?rest_route=%2Fwp%2Fv2%2Fmedia&parent=19"}],"wp:term":[{"taxonomy":"category","embeddable":true,"href":"https:\/\/www.sud-sdis84.fr\/index.php?rest_route=%2Fwp%2Fv2%2Fcategories&post=19"},{"taxonomy":"post_tag","embeddable":true,"href":"https:\/\/www.sud-sdis84.fr\/index.php?rest_route=%2Fwp%2Fv2%2Ftags&post=19"}],"curies":[{"name":"wp","href":"https:\/\/api.w.org\/{rel}","templated":true}]}}