{"id":196,"date":"2012-01-17T10:49:13","date_gmt":"2012-01-17T10:49:13","guid":{"rendered":"http:\/\/www.sud-sdis84.fr\/?p=196"},"modified":"2012-01-18T14:07:24","modified_gmt":"2012-01-18T14:07:24","slug":"des-difficultes-dans-le-jour-de-carence","status":"publish","type":"post","link":"https:\/\/www.sud-sdis84.fr\/?p=196","title":{"rendered":"Des difficult\u00e9s dans le jour de carence"},"content":{"rendered":"<address><strong>L\u2019une des dispositions de la loi de finances 2012 pr\u00e9voit qu\u2019\u00e0 compter du 1<sup>er<\/sup> janvier 2012, les agents publics, fonctionnaires et agents non titulaires de droit public, plac\u00e9s en\u00a0 cong\u00e9 de maladie ordinaire, ne per\u00e7oivent plus leur r\u00e9mun\u00e9ration au titre du premier jour de ce cong\u00e9.<\/strong><\/address>\n<address><strong>\u00a0<\/strong><\/address>\n<address><strong>Ce d\u00e9lai de carence ne s\u2019applique pas aux cong\u00e9s de longue maladie, aux cong\u00e9s de longue dur\u00e9e, aux cong\u00e9s pour accident de service ou maladie professionnelle et aux cong\u00e9s accord\u00e9s \u00e0 l&#8217;occasion des \u00e9v\u00e8nements figurant \u00e0 l&#8217;article L.27 du code des pensions civiles et militaires de retraite (acte de d\u00e9vouement dans un int\u00e9r\u00eat public) (art. 105).<\/strong><\/address>\n<address><strong>\u00a0<\/strong><\/address>\n<address><strong>Seulement l\u2019article 57 alin\u00e9a 2 de la loi n\u00b0 84-53 n\u2019a pas \u00e0 ce jour \u00e9t\u00e9 modifi\u00e9 et pr\u00e9cise toujours pour la maladie ordinaire que <em>\u00ab \u2026<\/em><em>Le fonctionnaire en activit\u00e9 a droit \u00e0 des cong\u00e9s de maladie dont la dur\u00e9e totale peut atteindre un an pendant une p\u00e9riode de douze mois cons\u00e9cutifs en cas de maladie d\u00fbment constat\u00e9e mettant l&#8217;int\u00e9ress\u00e9 dans l&#8217;impossibilit\u00e9 d&#8217;exercer ses fonctions. Celui-ci conserve alors l&#8217;int\u00e9gralit\u00e9 de son traitement pendant une dur\u00e9e de trois mois ; ce traitement est r\u00e9duit de moiti\u00e9 pendant les neuf mois suivants\u2026\u00a0\u00bb<\/em>. Les employeurs publics sont de ce fait en pr\u00e9sence de deux textes juridiques de m\u00eame valeur (lois) mais qui pr\u00f4nent des solutions inverses\u00a0!<\/strong><\/address>\n<address><strong>\u00a0<\/strong><\/address>\n<address><strong>La circulaire d\u2019application est par cons\u00e9quent attendue avec impatience.<br \/>\nNul doute qu\u2019elle permettra \u00e9galement de lever les incertitudes existantes concernant la modalit\u00e9 de calcul de la retenue pour jour de carence \u00e0 effectuer sur le traitement des agents publics en cas de cong\u00e9s de maladie ordinaire (Doit-on appliquer la r\u00e8gle du 1\/30<sup>\u00e8me<\/sup> , comme l&#8217;a d\u00e9cid\u00e9 le sdis84).<br \/>\nElle permettra \u00e9galement s\u00fbrement de savoir si un employer public a la possibilit\u00e9 de \u00ab\u00a0prendre en charge\u00a0\u00bb le jour de carence pour ses agents, puisque parfois dans le secteur priv\u00e9 des conventions collectives pr\u00e9voient cette prise en charge.<\/strong><\/address>\n<address>\u00a0article issu du blog <a title=\"sud mairie dunkerque\" href=\"http:\/\/www.syndicat-sud-solidaires-mairie-dunkerque.fr\/article-maladie-ordinaire-des-fonctionnaires-difficultes-d-applications-pratiques-pour-le-jour-de-carence-97167775.html\">SUD Mairie Dunkerque<\/a><\/address>\n<div class=\"trackable_sharing\"><div class=\"trackable_sharing_text\"><b>Partager avec<\/b><\/div><a href=\"http:\/\/www.facebook.com\/sharer.php?u=https%3A%2F%2Fwww.sud-sdis84.fr%2F%3Fp%3D196\" style=\"text-decoration: none; white-space: nowrap;\" title=\"Facebook\" target=\"_blank\" onclick=\"that=this;_gaq.push(['_trackEvent','SocialSharing','Facebook','https:\/\/www.sud-sdis84.fr\/?p=196']); _trackableshare_window = window.open(this.href,'share','menubar=0,resizable=1,width=500,height=350'); _trackableshare_window.focus(); return false;\"><img align=\"absmiddle\" src=\"https:\/\/www.sud-sdis84.fr\/wp-content\/plugins\/trackable-social-share-icons\/buttons\/1\/\/facebook.png\" alt=\"Facebook\" width=\"32\" height=\"32\"><\/a> <a href=\"http:\/\/twitter.com\/share?url=https%3A%2F%2Fwww.sud-sdis84.fr%2F%3Fp%3D196&text=Des+difficult%C3%A9s+dans+le+jour+de+carence\" style=\"text-decoration: none; white-space: nowrap;\" title=\"Twitter\" target=\"_blank\" onclick=\"that=this;_gaq.push(['_trackEvent','SocialSharing','Twitter','https:\/\/www.sud-sdis84.fr\/?p=196']); _trackableshare_window = window.open(this.href,'share','menubar=0,resizable=1,width=500,height=350'); _trackableshare_window.focus(); return false;\"><img align=\"absmiddle\" src=\"https:\/\/www.sud-sdis84.fr\/wp-content\/plugins\/trackable-social-share-icons\/buttons\/1\/\/twitter.png\" alt=\"Twitter\" width=\"32\" height=\"32\"><\/a> <a href=\"mailto:?subject=Check out https%3A%2F%2Fwww.sud-sdis84.fr%2F%3Fp%3D196\" style=\"text-decoration: none; white-space: nowrap;\" title=\"Email\" onclick=\"that=this;_gaq.push(['_trackEvent','SocialSharing','Email','https:\/\/www.sud-sdis84.fr\/?p=196']); \"><img align=\"absmiddle\" src=\"https:\/\/www.sud-sdis84.fr\/wp-content\/plugins\/trackable-social-share-icons\/buttons\/1\/\/email.png\" alt=\"Email\" width=\"32\" height=\"32\"><\/a> <\/div>","protected":false},"excerpt":{"rendered":"<p>L\u2019une des dispositions de la loi de finances 2012 pr\u00e9voit qu\u2019\u00e0 compter du 1er janvier 2012, les agents publics, fonctionnaires et agents non titulaires de droit public, plac\u00e9s en\u00a0 cong\u00e9 [&hellip;]<\/p>\n","protected":false},"author":1,"featured_media":0,"comment_status":"open","ping_status":"open","sticky":false,"template":"","format":"gallery","meta":[],"categories":[5,4],"tags":[17,8,6],"_links":{"self":[{"href":"https:\/\/www.sud-sdis84.fr\/index.php?rest_route=\/wp\/v2\/posts\/196"}],"collection":[{"href":"https:\/\/www.sud-sdis84.fr\/index.php?rest_route=\/wp\/v2\/posts"}],"about":[{"href":"https:\/\/www.sud-sdis84.fr\/index.php?rest_route=\/wp\/v2\/types\/post"}],"author":[{"embeddable":true,"href":"https:\/\/www.sud-sdis84.fr\/index.php?rest_route=\/wp\/v2\/users\/1"}],"replies":[{"embeddable":true,"href":"https:\/\/www.sud-sdis84.fr\/index.php?rest_route=%2Fwp%2Fv2%2Fcomments&post=196"}],"version-history":[{"count":6,"href":"https:\/\/www.sud-sdis84.fr\/index.php?rest_route=\/wp\/v2\/posts\/196\/revisions"}],"predecessor-version":[{"id":213,"href":"https:\/\/www.sud-sdis84.fr\/index.php?rest_route=\/wp\/v2\/posts\/196\/revisions\/213"}],"wp:attachment":[{"href":"https:\/\/www.sud-sdis84.fr\/index.php?rest_route=%2Fwp%2Fv2%2Fmedia&parent=196"}],"wp:term":[{"taxonomy":"category","embeddable":true,"href":"https:\/\/www.sud-sdis84.fr\/index.php?rest_route=%2Fwp%2Fv2%2Fcategories&post=196"},{"taxonomy":"post_tag","embeddable":true,"href":"https:\/\/www.sud-sdis84.fr\/index.php?rest_route=%2Fwp%2Fv2%2Ftags&post=196"}],"curies":[{"name":"wp","href":"https:\/\/api.w.org\/{rel}","templated":true}]}}