{"id":223,"date":"2012-02-05T21:02:47","date_gmt":"2012-02-05T20:02:47","guid":{"rendered":"http:\/\/www.sud-sdis84.fr\/?p=223"},"modified":"2012-03-02T10:40:31","modified_gmt":"2012-03-02T09:40:31","slug":"greve-du-1er-fevrier-2011","status":"publish","type":"post","link":"https:\/\/www.sud-sdis84.fr\/?p=223","title":{"rendered":"Gr\u00e8ve du 1er f\u00e9vrier 2012"},"content":{"rendered":"<p><a href=\"https:\/\/www.sud-sdis84.fr\/wp-content\/uploads\/2012\/02\/une-reforme-met-le-feu-chez-les-pompiers.jpg\"><img decoding=\"async\" loading=\"lazy\" class=\"aligncenter size-full wp-image-226\" title=\"une-reforme-met-le-feu-chez-les-pompiers\" src=\"https:\/\/www.sud-sdis84.fr\/wp-content\/uploads\/2012\/02\/une-reforme-met-le-feu-chez-les-pompiers.jpg\" alt=\"\" width=\"480\" height=\"210\" srcset=\"https:\/\/www.sud-sdis84.fr\/wp-content\/uploads\/2012\/02\/une-reforme-met-le-feu-chez-les-pompiers.jpg 480w, https:\/\/www.sud-sdis84.fr\/wp-content\/uploads\/2012\/02\/une-reforme-met-le-feu-chez-les-pompiers-300x131.jpg 300w\" sizes=\"(max-width: 480px) 100vw, 480px\" \/><\/a>Suite au pr\u00e9avis de gr\u00e8ve d\u00e9pos\u00e9 par l&#8217;intersyndicale 80% de gr\u00e9vistes chez les Sapeurs Pompiers Professionnels dans les Centres d\u2019Intervention du d\u00e9partement ce 1er f\u00e9vrier 2012<\/p>\n<p>le syndicat sud sdis84 avait d\u00e9pos\u00e9 un pr\u00e9avis de gr\u00e8ve de 24h<\/p>\n<p>les articles de presse :<\/p>\n<p><a href=\"https:\/\/www.sud-sdis84.fr\/wp-content\/uploads\/2012\/02\/article-greve-vaucluse-1er-fevrier-2012.pdf\">article-greve-vaucluse-1er-fevrier-2012<\/a><\/p>\n<p><a href=\"https:\/\/www.sud-sdis84.fr\/wp-content\/uploads\/2012\/02\/article-2-greve-vaucluse-1er-fevrier-2012.pdf\">article-2-greve-vaucluse-1er-fevrier-2012<\/a><\/p>\n<div class=\"trackable_sharing\"><div class=\"trackable_sharing_text\"><b>Partager avec<\/b><\/div><a href=\"http:\/\/www.facebook.com\/sharer.php?u=https%3A%2F%2Fwww.sud-sdis84.fr%2F%3Fp%3D223\" style=\"text-decoration: none; white-space: nowrap;\" title=\"Facebook\" target=\"_blank\" onclick=\"that=this;_gaq.push(['_trackEvent','SocialSharing','Facebook','https:\/\/www.sud-sdis84.fr\/?p=223']); _trackableshare_window = window.open(this.href,'share','menubar=0,resizable=1,width=500,height=350'); _trackableshare_window.focus(); return false;\"><img align=\"absmiddle\" src=\"https:\/\/www.sud-sdis84.fr\/wp-content\/plugins\/trackable-social-share-icons\/buttons\/1\/\/facebook.png\" alt=\"Facebook\" width=\"32\" height=\"32\"><\/a> <a href=\"http:\/\/twitter.com\/share?url=https%3A%2F%2Fwww.sud-sdis84.fr%2F%3Fp%3D223&text=Gr%C3%A8ve+du+1er+f%C3%A9vrier+2012\" style=\"text-decoration: none; white-space: nowrap;\" title=\"Twitter\" target=\"_blank\" onclick=\"that=this;_gaq.push(['_trackEvent','SocialSharing','Twitter','https:\/\/www.sud-sdis84.fr\/?p=223']); _trackableshare_window = window.open(this.href,'share','menubar=0,resizable=1,width=500,height=350'); _trackableshare_window.focus(); return false;\"><img align=\"absmiddle\" src=\"https:\/\/www.sud-sdis84.fr\/wp-content\/plugins\/trackable-social-share-icons\/buttons\/1\/\/twitter.png\" alt=\"Twitter\" width=\"32\" height=\"32\"><\/a> <a href=\"mailto:?subject=Check out https%3A%2F%2Fwww.sud-sdis84.fr%2F%3Fp%3D223\" style=\"text-decoration: none; white-space: nowrap;\" title=\"Email\" onclick=\"that=this;_gaq.push(['_trackEvent','SocialSharing','Email','https:\/\/www.sud-sdis84.fr\/?p=223']); \"><img align=\"absmiddle\" src=\"https:\/\/www.sud-sdis84.fr\/wp-content\/plugins\/trackable-social-share-icons\/buttons\/1\/\/email.png\" alt=\"Email\" width=\"32\" height=\"32\"><\/a> <\/div>","protected":false},"excerpt":{"rendered":"<p>Suite au pr\u00e9avis de gr\u00e8ve d\u00e9pos\u00e9 par l&#8217;intersyndicale 80% de gr\u00e9vistes chez les Sapeurs Pompiers Professionnels dans les Centres d\u2019Intervention du d\u00e9partement ce 1er f\u00e9vrier 2012 le syndicat sud sdis84 [&hellip;]<\/p>\n","protected":false},"author":1,"featured_media":0,"comment_status":"open","ping_status":"open","sticky":false,"template":"","format":"standard","meta":[],"categories":[16,4],"tags":[12,18,6,36],"_links":{"self":[{"href":"https:\/\/www.sud-sdis84.fr\/index.php?rest_route=\/wp\/v2\/posts\/223"}],"collection":[{"href":"https:\/\/www.sud-sdis84.fr\/index.php?rest_route=\/wp\/v2\/posts"}],"about":[{"href":"https:\/\/www.sud-sdis84.fr\/index.php?rest_route=\/wp\/v2\/types\/post"}],"author":[{"embeddable":true,"href":"https:\/\/www.sud-sdis84.fr\/index.php?rest_route=\/wp\/v2\/users\/1"}],"replies":[{"embeddable":true,"href":"https:\/\/www.sud-sdis84.fr\/index.php?rest_route=%2Fwp%2Fv2%2Fcomments&post=223"}],"version-history":[{"count":14,"href":"https:\/\/www.sud-sdis84.fr\/index.php?rest_route=\/wp\/v2\/posts\/223\/revisions"}],"predecessor-version":[{"id":258,"href":"https:\/\/www.sud-sdis84.fr\/index.php?rest_route=\/wp\/v2\/posts\/223\/revisions\/258"}],"wp:attachment":[{"href":"https:\/\/www.sud-sdis84.fr\/index.php?rest_route=%2Fwp%2Fv2%2Fmedia&parent=223"}],"wp:term":[{"taxonomy":"category","embeddable":true,"href":"https:\/\/www.sud-sdis84.fr\/index.php?rest_route=%2Fwp%2Fv2%2Fcategories&post=223"},{"taxonomy":"post_tag","embeddable":true,"href":"https:\/\/www.sud-sdis84.fr\/index.php?rest_route=%2Fwp%2Fv2%2Ftags&post=223"}],"curies":[{"name":"wp","href":"https:\/\/api.w.org\/{rel}","templated":true}]}}