{"id":239,"date":"2012-02-05T21:14:01","date_gmt":"2012-02-05T21:14:01","guid":{"rendered":"http:\/\/www.sud-sdis84.fr\/?p=239"},"modified":"2012-02-05T21:16:17","modified_gmt":"2012-02-05T21:16:17","slug":"reforme-greve","status":"publish","type":"post","link":"https:\/\/www.sud-sdis84.fr\/?p=239","title":{"rendered":"R\u00e9forme : Gr\u00e8ve"},"content":{"rendered":"<h1><img decoding=\"async\" loading=\"lazy\" class=\"alignleft size-full wp-image-241\" title=\"Manifestation des pompiers contre la d\u00e9gradation de eur conditio\" src=\"https:\/\/www.sud-sdis84.fr\/wp-content\/uploads\/2012\/02\/greve.jpg\" alt=\"\" width=\"301\" height=\"450\" srcset=\"https:\/\/www.sud-sdis84.fr\/wp-content\/uploads\/2012\/02\/greve.jpg 301w, https:\/\/www.sud-sdis84.fr\/wp-content\/uploads\/2012\/02\/greve-200x300.jpg 200w\" sizes=\"(max-width: 301px) 100vw, 301px\" \/>Gr\u00e8ve du 2 au 15 f\u00e9vrier<\/h1>\n<p>retrouvez ici le <a href=\"http:\/\/www.sudsdis-national.fr\/wp-content\/uploads\/2012\/01\/Pr%C3%A9avis-de-gr%C3%A8ve-du-2-au-15-f%C3%A9vrier.pdf\" target=\"_blank\">pr\u00e9avis <\/a><\/p>\n<p>et le <a href=\"http:\/\/www.sudsdis-national.fr\/wp-content\/uploads\/2012\/01\/Communiqu%C3%A9-2012-01-20_le-protocole-daccord-se-transforme-en-d%C3%A9crets.pdf\" target=\"_blank\">communiqu\u00e9 de l\u2019intersyndicale<\/a><\/p>\n<div class=\"trackable_sharing\"><div class=\"trackable_sharing_text\"><b>Partager avec<\/b><\/div><a href=\"http:\/\/www.facebook.com\/sharer.php?u=https%3A%2F%2Fwww.sud-sdis84.fr%2F%3Fp%3D239\" style=\"text-decoration: none; white-space: nowrap;\" title=\"Facebook\" target=\"_blank\" onclick=\"that=this;_gaq.push(['_trackEvent','SocialSharing','Facebook','https:\/\/www.sud-sdis84.fr\/?p=239']); _trackableshare_window = window.open(this.href,'share','menubar=0,resizable=1,width=500,height=350'); _trackableshare_window.focus(); return false;\"><img align=\"absmiddle\" src=\"https:\/\/www.sud-sdis84.fr\/wp-content\/plugins\/trackable-social-share-icons\/buttons\/1\/\/facebook.png\" alt=\"Facebook\" width=\"32\" height=\"32\"><\/a> <a href=\"http:\/\/twitter.com\/share?url=https%3A%2F%2Fwww.sud-sdis84.fr%2F%3Fp%3D239&text=R%C3%A9forme+%3A+Gr%C3%A8ve\" style=\"text-decoration: none; white-space: nowrap;\" title=\"Twitter\" target=\"_blank\" onclick=\"that=this;_gaq.push(['_trackEvent','SocialSharing','Twitter','https:\/\/www.sud-sdis84.fr\/?p=239']); _trackableshare_window = window.open(this.href,'share','menubar=0,resizable=1,width=500,height=350'); _trackableshare_window.focus(); return false;\"><img align=\"absmiddle\" src=\"https:\/\/www.sud-sdis84.fr\/wp-content\/plugins\/trackable-social-share-icons\/buttons\/1\/\/twitter.png\" alt=\"Twitter\" width=\"32\" height=\"32\"><\/a> <a href=\"mailto:?subject=Check out https%3A%2F%2Fwww.sud-sdis84.fr%2F%3Fp%3D239\" style=\"text-decoration: none; white-space: nowrap;\" title=\"Email\" onclick=\"that=this;_gaq.push(['_trackEvent','SocialSharing','Email','https:\/\/www.sud-sdis84.fr\/?p=239']); \"><img align=\"absmiddle\" src=\"https:\/\/www.sud-sdis84.fr\/wp-content\/plugins\/trackable-social-share-icons\/buttons\/1\/\/email.png\" alt=\"Email\" width=\"32\" height=\"32\"><\/a> <\/div>","protected":false},"excerpt":{"rendered":"<p>Gr\u00e8ve du 2 au 15 f\u00e9vrier retrouvez ici le pr\u00e9avis et le communiqu\u00e9 de l\u2019intersyndicale Partager avec<\/p>\n","protected":false},"author":1,"featured_media":0,"comment_status":"open","ping_status":"open","sticky":false,"template":"","format":"standard","meta":[],"categories":[5,3],"tags":[12,8,18,13],"_links":{"self":[{"href":"https:\/\/www.sud-sdis84.fr\/index.php?rest_route=\/wp\/v2\/posts\/239"}],"collection":[{"href":"https:\/\/www.sud-sdis84.fr\/index.php?rest_route=\/wp\/v2\/posts"}],"about":[{"href":"https:\/\/www.sud-sdis84.fr\/index.php?rest_route=\/wp\/v2\/types\/post"}],"author":[{"embeddable":true,"href":"https:\/\/www.sud-sdis84.fr\/index.php?rest_route=\/wp\/v2\/users\/1"}],"replies":[{"embeddable":true,"href":"https:\/\/www.sud-sdis84.fr\/index.php?rest_route=%2Fwp%2Fv2%2Fcomments&post=239"}],"version-history":[{"count":3,"href":"https:\/\/www.sud-sdis84.fr\/index.php?rest_route=\/wp\/v2\/posts\/239\/revisions"}],"predecessor-version":[{"id":244,"href":"https:\/\/www.sud-sdis84.fr\/index.php?rest_route=\/wp\/v2\/posts\/239\/revisions\/244"}],"wp:attachment":[{"href":"https:\/\/www.sud-sdis84.fr\/index.php?rest_route=%2Fwp%2Fv2%2Fmedia&parent=239"}],"wp:term":[{"taxonomy":"category","embeddable":true,"href":"https:\/\/www.sud-sdis84.fr\/index.php?rest_route=%2Fwp%2Fv2%2Fcategories&post=239"},{"taxonomy":"post_tag","embeddable":true,"href":"https:\/\/www.sud-sdis84.fr\/index.php?rest_route=%2Fwp%2Fv2%2Ftags&post=239"}],"curies":[{"name":"wp","href":"https:\/\/api.w.org\/{rel}","templated":true}]}}