{"id":259,"date":"2012-03-14T12:00:06","date_gmt":"2012-03-14T11:00:06","guid":{"rendered":"http:\/\/www.sud-sdis84.fr\/?p=259"},"modified":"2012-03-14T12:02:33","modified_gmt":"2012-03-14T11:02:33","slug":"circulaire-relative-aux-modalites-de-mise-en-oeuvre-de-larticle-115","status":"publish","type":"post","link":"https:\/\/www.sud-sdis84.fr\/?p=259","title":{"rendered":"Circulaire relative aux modalit\u00e9s de mise en oeuvre de l\u2019article 115"},"content":{"rendered":"<p><img decoding=\"async\" loading=\"lazy\" class=\"alignleft\" style=\"margin: 10px;\" src=\"data:image\/png;base64,iVBORw0KGgoAAAANSUhEUgAAAK8AAABnCAIAAAD5S4X7AAAHPklEQVR4nO1dWZaEIAzk6H00bsZ80BNjNnBpEzX1+LARQ1IpAZdxSmutlFeUz+fTroF7qHtLubPzG8rVcA94V3mFGhzgHvOu8nw1uME98u3l4WrwhHvw28uT1XDdsvERUmjPVkOKYGt5rBpqrR5yuLcmnqkGf7hTsKs8UA2eowKGOxHbywPVEAjdG3dGXquGiHAn5Z1q8Lyk1OBOymvVEA7ujLxWDVEWjwTuvLxTDUHhzkuqIRDceUk1xII7NamGQHCnJtUQCO7UpBoCwZ2aVEMsuLPzNjVEvBEJcGfnbWooMYaHzxrfWndqUg0X4\/P51Fr7LVFQw\/cOqTs1qQZf5NiQamhtPVl8q9ypeaEaIiwk6RzR4U5NquFi1FqFUaHDnZoXqqHEmCxSDVGK+1sO8tjQ7sFyODX08faIhbhwJ\/dGajiLtwhrSRXuLMdXAwzvB0eFGwjCnevgahCJ0qZ\/ex7Bu+LCO+Vx1cApIqf1f\/qLpg9uMLogvFMeVA0AOKdBCpsyGjr3HN4pj6gGkZ9a653yug\/eKQ+nBgwyMGiHuN9IOArvTAdVA6DfpcFSmLmmmLleiCgd70yHUwNOZDFXfENTRr65tSjwTnYgNQD4AKBhOFRojYPCO9nh1GA0MKaAvrqcLEFvPXlnOpAahoRMYvJmZTh4pzmQGuyLhR0ptG9H\/iihR+Gd6ShqmOniLHrjwjvTIdQwY3\/HBaE4POTAEFoNZ90\/AGgG4+qgwzvN91DDTBZnJKUdeG5O98M7zSHUYBc8QeCUb3rLweA\/ELzTHF0NgOHgrzUw3oGIJYWWapiQwu7DtSmg60Db21X1wxxPNgtc\/N992lfIwAA3K8UBg8T7Eyk8otxPDf3PmPDzT6gfpiylYJf7qQEK\/eu2Ub5SCsNyJzXMXzHuPvDNUmhB1EBOcd5gEtrVx5lwJ+uXxVMN\/JTlbfoSgSdl\/hn3yfBO2E9LtAvzhCdSDYkFqYbEglRDYkGqIbHg3mqoteZC+ETcm8qUwrlINhMLvmoo\/9Da9TE5wrlYJGyycGUsB129GF\/n+jcSyD4yKxsfUdjc6zFeyOE7TJVS0NcBBs4c91bcvhLDfjshq7HBtrI7EqIhUXmbgHPJ7U9amLR2irea8cswlPt3A37PyOcXrhw0uO\/5pOHSud5iMR1U7VmwYocWhFYyz8FcS3TTo+01sC3W8Paar5NDN28m1muVeC\/x7URv+16bJc1Pow1s4zUQr+EhDGwSdkgkIGdiEfdk15CO\/\/8Kz\/iO04BffLatPwEg99g7KvpCwdgGbzVnZtSA+yUOcJ8xM2SSEhvDdy+gPcQr+mDbHKgBb2NlrEww6RlGuEO80yG\/trdcmkYsGjsneitWEh0P\/RSlyanW7GhtIINfDTXGL8863sYXGkWaX3jkGgv7QIyQM148F+1taI9D69uneDus3Orn0M5Q4tgmHqQFNfAzHlsxtCn6J7p4ZGld1uMenDGGM1osfPtcb4fD2A4\/tTGf2BElzm3Cf9rBDqyAd\/R2eAnJo12JS2pAOjtywmneYg95bIQg3uYX3nInO8Qscj\/JYpCb4r4VSVW9OyPelc19oUZDUeSf2IQHEpdq2I2HENcV0EfXiJ8HvAkeoobEKUg1JBZ8B9hEouXYkMBINSQWpBoSC1INiQWphsSCzWrgN94Tj8HyuJKgSnf0jr8keEeI\/DySB+FxFrw7xR\/fiRJ5A4CQ16nB+Mm50E6XDwK07D\/r\/zP1Dq48aMmf2Ir1VX\/gzttDp3ZclCbJOLY2PJzUiIFolWB8+MJLWxNL\/BdrsHH50T6Pv\/\/sN63EnrgRkUHxwA97GVVj1rApagLcxmTxBp\/\/78zNq8FwgDSoyrO0oW9gEM4fblzskZPwQS9O4r4gp4IaeFOtA0032jZxa9h4Ug2aOAxFNv19J7LL7teIotLPWBXNDdF\/Ozr8k6dJc2nG\/qIG\/IaMqHEtPUbf16hBHDyhjXY+zcTFbeJ5YSYKXCnWi9bmHQMLYo9DO5i91XMKMvlpHcBwKiaVHDupBrHHGTVoA\/tMerS4uDXR1Xk1gH1xV5NIsxkA1P8XHofsTea0cTVofvRKODnq+l1IgLHyaPrYsG\/dsLsN74gvuwybogVgVutLU0NbZ2teDUDmUA1NEQTEvvQuOjTsgKtBdHdSDc18mVOzyUcp3mZSDbyjYSx8l9YXhu0GVuSMGjDs87BJaSVkNnFsGB6p0TGsL9Kggn9uUoMdNo4L79UuiGzMhC+OcHhi5nu5HeK51qkdBf5pX09hDdVa5fTjyw+xP3xZPJm5yr7Kw\/WndUeaEQt2do0MGR3ZsdhRYGZsT\/Bebbok3k5GgVvONPv+bMr9DVxT13+Si61w3fD4ec74Ltw1X9ISP42laGE5MxbIWkdGFCRMYIbwxmnBfTVlmpthqSkqIXsL+oNM0X9uebnCfAaMjN4al0X0NOIa08QDnq3Y1zsn4oFq6NDG9jvisgHvD6osZFTwUp3ZAAAAAElFTkSuQmCC\" alt=\"\" width=\"175\" height=\"103\" \/>Aux termes de l\u2019article 115 de la loi n\u00b0 2010-1657 du 29 d\u00e9cembre 2010 de finances pour 2011, \u00ab La p\u00e9riode pendant laquelle le fonctionnaire relevant de la loi n\u00b0 83-634 du 13 juillet 1983 portant droits et obligations des fonctionnaires ou l\u2019agent non titulaire b\u00e9n\u00e9ficie d\u2019un cong\u00e9 pour raison de sant\u00e9 ne peut g\u00e9n\u00e9rer de temps de repos li\u00e9 au d\u00e9passement de la dur\u00e9e annuelle du travail \u00bb. Le l\u00e9gislateur a ainsi mis fin \u00e0 une jurisprudence qui consid\u00e9rait que l\u2019agent en cong\u00e9 de maladie devait \u00eatre regard\u00e9 comme ayant accompli les obligations de service correspondant \u00e0 son cycle de travail et que, de ce fait, il pouvait pr\u00e9tendre \u00e0 des jours d\u2019am\u00e9nagement et de r\u00e9duction du temps de travail (ARTT) g\u00e9n\u00e9r\u00e9s sur cette p\u00e9riode de maladie.<br \/>\nL\u2019acquisition de jours ARTT est en effet li\u00e9e \u00e0 la r\u00e9alisation de dur\u00e9es de travail hebdomadaires sup\u00e9rieures \u00e0 35 heures, hors heures suppl\u00e9mentaires, et est destin\u00e9e \u00e0 \u00e9viter l\u2019accomplissement d\u2019une dur\u00e9e annuelle du travail exc\u00e9dant 1 607 heures. Les absences au titre des cong\u00e9s pour raison de sant\u00e9 r\u00e9duisent d\u00e9sormais \u00e0 due proportion, le nombre de jours RTT que l\u2019agent peut acqu\u00e9rir.<br \/>\nLa pr\u00e9sente circulaire a pour objet de pr\u00e9ciser cette r\u00e8gle conduisant \u00e0 r\u00e9duire les droits des agents \u00e0 des jours ARTT en cons\u00e9quence d\u2019un cong\u00e9 pour raison de sant\u00e9.<\/p>\n<p><a href=\"https:\/\/www.sud-sdis84.fr\/wp-content\/uploads\/2012\/03\/circulaire-du-18-janvier-2012-n\u00b034484-art-115-de-la-loi-de-finances-pour-2011.pdf\">La circulaire d&#8217;application en version pdf :<br \/>\ncirculaire du 18 janvier 2012 n\u00b034484 art 115 de la loi de finances pour 2011<\/a><\/p>\n<div class=\"trackable_sharing\"><div class=\"trackable_sharing_text\"><b>Partager avec<\/b><\/div><a href=\"http:\/\/www.facebook.com\/sharer.php?u=https%3A%2F%2Fwww.sud-sdis84.fr%2F%3Fp%3D259\" style=\"text-decoration: none; white-space: nowrap;\" title=\"Facebook\" target=\"_blank\" onclick=\"that=this;_gaq.push(['_trackEvent','SocialSharing','Facebook','https:\/\/www.sud-sdis84.fr\/?p=259']); _trackableshare_window = window.open(this.href,'share','menubar=0,resizable=1,width=500,height=350'); _trackableshare_window.focus(); return false;\"><img align=\"absmiddle\" src=\"https:\/\/www.sud-sdis84.fr\/wp-content\/plugins\/trackable-social-share-icons\/buttons\/1\/\/facebook.png\" alt=\"Facebook\" width=\"32\" height=\"32\"><\/a> <a href=\"http:\/\/twitter.com\/share?url=https%3A%2F%2Fwww.sud-sdis84.fr%2F%3Fp%3D259&text=Circulaire+relative+aux+modalit%C3%A9s+de+mise+en+oeuvre+de+l%E2%80%99article+115\" style=\"text-decoration: none; white-space: nowrap;\" title=\"Twitter\" target=\"_blank\" onclick=\"that=this;_gaq.push(['_trackEvent','SocialSharing','Twitter','https:\/\/www.sud-sdis84.fr\/?p=259']); _trackableshare_window = window.open(this.href,'share','menubar=0,resizable=1,width=500,height=350'); _trackableshare_window.focus(); return false;\"><img align=\"absmiddle\" src=\"https:\/\/www.sud-sdis84.fr\/wp-content\/plugins\/trackable-social-share-icons\/buttons\/1\/\/twitter.png\" alt=\"Twitter\" width=\"32\" height=\"32\"><\/a> <a href=\"mailto:?subject=Check out https%3A%2F%2Fwww.sud-sdis84.fr%2F%3Fp%3D259\" style=\"text-decoration: none; white-space: nowrap;\" title=\"Email\" onclick=\"that=this;_gaq.push(['_trackEvent','SocialSharing','Email','https:\/\/www.sud-sdis84.fr\/?p=259']); \"><img align=\"absmiddle\" src=\"https:\/\/www.sud-sdis84.fr\/wp-content\/plugins\/trackable-social-share-icons\/buttons\/1\/\/email.png\" alt=\"Email\" width=\"32\" height=\"32\"><\/a> <\/div>","protected":false},"excerpt":{"rendered":"<p>Aux termes de l\u2019article 115 de la loi n\u00b0 2010-1657 du 29 d\u00e9cembre 2010 de finances pour 2011, \u00ab La p\u00e9riode pendant laquelle le fonctionnaire relevant de la loi n\u00b0 [&hellip;]<\/p>\n","protected":false},"author":1,"featured_media":0,"comment_status":"open","ping_status":"open","sticky":false,"template":"","format":"standard","meta":[],"categories":[5,1],"tags":[17,12,8,13],"_links":{"self":[{"href":"https:\/\/www.sud-sdis84.fr\/index.php?rest_route=\/wp\/v2\/posts\/259"}],"collection":[{"href":"https:\/\/www.sud-sdis84.fr\/index.php?rest_route=\/wp\/v2\/posts"}],"about":[{"href":"https:\/\/www.sud-sdis84.fr\/index.php?rest_route=\/wp\/v2\/types\/post"}],"author":[{"embeddable":true,"href":"https:\/\/www.sud-sdis84.fr\/index.php?rest_route=\/wp\/v2\/users\/1"}],"replies":[{"embeddable":true,"href":"https:\/\/www.sud-sdis84.fr\/index.php?rest_route=%2Fwp%2Fv2%2Fcomments&post=259"}],"version-history":[{"count":5,"href":"https:\/\/www.sud-sdis84.fr\/index.php?rest_route=\/wp\/v2\/posts\/259\/revisions"}],"predecessor-version":[{"id":267,"href":"https:\/\/www.sud-sdis84.fr\/index.php?rest_route=\/wp\/v2\/posts\/259\/revisions\/267"}],"wp:attachment":[{"href":"https:\/\/www.sud-sdis84.fr\/index.php?rest_route=%2Fwp%2Fv2%2Fmedia&parent=259"}],"wp:term":[{"taxonomy":"category","embeddable":true,"href":"https:\/\/www.sud-sdis84.fr\/index.php?rest_route=%2Fwp%2Fv2%2Fcategories&post=259"},{"taxonomy":"post_tag","embeddable":true,"href":"https:\/\/www.sud-sdis84.fr\/index.php?rest_route=%2Fwp%2Fv2%2Ftags&post=259"}],"curies":[{"name":"wp","href":"https:\/\/api.w.org\/{rel}","templated":true}]}}