{"id":276,"date":"2012-04-10T18:38:03","date_gmt":"2012-04-10T16:38:03","guid":{"rendered":"http:\/\/www.sud-sdis84.fr\/?p=276"},"modified":"2012-04-10T18:42:30","modified_gmt":"2012-04-10T16:42:30","slug":"avis-defavorable-du-csfpt-sur-la-2eme-partie-du-dossier-spp","status":"publish","type":"post","link":"https:\/\/www.sud-sdis84.fr\/?p=276","title":{"rendered":"Avis d\u00e9favorable du CSFPT sur la 2\u00e8me partie du dossier SPP"},"content":{"rendered":"<p><a href=\"https:\/\/www.sud-sdis84.fr\/wp-content\/uploads\/2012\/04\/csfpt.jpg\"><img decoding=\"async\" loading=\"lazy\" class=\"alignleft size-medium wp-image-277\" title=\"csfpt\" src=\"https:\/\/www.sud-sdis84.fr\/wp-content\/uploads\/2012\/04\/csfpt-300x121.jpg\" alt=\"\" width=\"300\" height=\"121\" srcset=\"https:\/\/www.sud-sdis84.fr\/wp-content\/uploads\/2012\/04\/csfpt-300x121.jpg 300w, https:\/\/www.sud-sdis84.fr\/wp-content\/uploads\/2012\/04\/csfpt.jpg 570w\" sizes=\"(max-width: 300px) 100vw, 300px\" \/><\/a><\/p>\n<h3>Les travaux du CSFPT<br \/>\nDans le cadre de son r\u00f4le consultatif, le Conseil sup\u00e9rieur de la fonction publique territoriale se r\u00e9unit en s\u00e9ance pl\u00e9ni\u00e8re pour examiner pour avis les projets de textes l\u00e9gislatifs et r\u00e9glementaires qui lui sont soumis par le gouvernement.<\/h3>\n<p>Le Conseil sup\u00e9rieur de la fonction publique territoriale s&#8217;est r\u00e9uni le 4 avril 2012 sous la pr\u00e9sidence de Philippe LAURENT.<\/p>\n<p>Le 15 f\u00e9vrier dernier, les textes modifiant les cadres d&#8217;emplois des SPP avaient \u00e9t\u00e9 examin\u00e9s. La s\u00e9ance\u00a0 du 4 avril compl\u00e9tait l&#8217;examen de ces textes statutaires par celui des textes portant sur le recrutement.<\/p>\n<p>11 textes (6 projets de d\u00e9crets et 5 projets d\u2019arr\u00eat\u00e9s) concernant les SPP \u00e9taient \u00e0 l&#8217;ordre du jour, mais la pl\u00e9ni\u00e8re n&#8217;en a examin\u00e9 que 7 &#8230;<\/p>\n<p>Bien que l&#8217;administration ait int\u00e9gr\u00e9 de nombreux projets d&#8217;amendements propos\u00e9s par FO, l&#8217;UNSA et la CFTC, le vote du CSFPT a majoritairement \u00e9t\u00e9 d\u00e9favorable sur ces 7 textes<\/p>\n<p>lire l&#8217;int\u00e9gralit\u00e9 de l&#8217;article ici <a href=\"https:\/\/www.sud-sdis84.fr\/wp-content\/uploads\/2012\/04\/ommuniqudepresseduCSFPTdu4avril2012.pdf\">communiqudepresseduCSFPTdu4avril2012<\/a><\/p>\n<div><span style=\"color: #0000ff;\">Le gouvernement, malgr\u00e9 l\u2019avis d\u00e9favorable du conseil sup\u00e9rieur, peut imposer en force la parution des d\u00e9crets.\u00a0Mais sans nul\u00a0doute, l\u2019avis du conseil sup\u00e9rieur est un signe positif qui conforte\u00a0et renforce l\u2019Intersyndicale dans ses actions \u00e0 venir.<\/span><\/div>\n<div><\/div>\n<div><span style=\"color: #ff0000;\"><strong>L\u2019Intersyndicale CGT, CFDT, FA FPT et SUD <\/strong><strong>\u00e0\u00a0r\u00e9affirm\u00e9 son opposition \u00e0 ce dispositif r\u00e9gressif <\/strong><\/span>car d\u00e9sormais\u00a0:<\/div>\n<div><\/div>\n<div>&#8211;\u00a0<strong>On abaissera le niveau d\u2019entr\u00e9e<\/strong> dans la carri\u00e8re en cr\u00e9ant un recrutement sans concours \u00e0 l\u2019\u00e9chelle 3\u00a0;<\/div>\n<div>&#8211;\u00a0<strong>On rallongera la carri\u00e8re<\/strong> des pompiers en cat\u00e9gorie C, notamment par la cr\u00e9ation d\u2019un grade suppl\u00e9mentaire (caporal chef)\u00a0;<\/div>\n<div>&#8211;\u00a0<strong>On diminuera <\/strong>les possibilit\u00e9s de\u00a0<strong>nomination<\/strong> des sous officiers (moins 25%) au grade de sergent et d\u2019adjudant\u00a0;<\/div>\n<div>&#8211;\u00a0<strong>On ne transf\u00e8rera pas<\/strong> les fonctions de chef d\u2019agr\u00e8s de deux \u00e9quipes et plus en cat\u00e9gorie B\u00a0;<\/div>\n<div>&#8211;\u00a0On multipliera les concours et examen dans la cat\u00e9gorie C<\/div>\n<div>&#8211;\u00a0<strong>On cr\u00e9\u00e9 un acc\u00e8s<\/strong> \u00e0 Bac+3 en cat\u00e9gorie A\u00a0<strong>en oubliant<\/strong> et en laissant tous les lieutenants aujourd\u2019hui entr\u00e9s \u00e0 ce niveau en cat\u00e9gorie B\u00a0;<\/div>\n<div>&#8211;\u00a0On sera la seule profession \u00e0 ne pas respecter le d\u00e9cret cadre du nouvel espace statutaire<\/div>\n<div>&#8211;\u00a0<strong>On reclasse<\/strong>, toujours ces m\u00eames lieutenants, sur le nouvel espace statutaire au deuxi\u00e8me nouveau grade bricol\u00e9 avec un \u00e9chelon suppl\u00e9mentaire au lieu d\u2019un reclassement sur le troisi\u00e8me nouveau grade comme dans toutes les autres fili\u00e8res.<\/div>\n<p>Voir ici le tableau de suivi des textes soumis pour avis au CSFPT (7 avis d\u00e9favorables concernant la r\u00e9forme des pompiers)<br \/>\n<a title=\"suivi des avis d\u00e9favorables du CSFPT sur r\u00e9forme des SPP\" href=\"http:\/\/www.csfpt.org\/documents\/042012\/050412113953TABLEAUDESUIVIDESTEXTES4avril2012.pdf\" target=\"_blank\">http:\/\/www.csfpt.org\/documents\/042012\/050412113953TABLEAUDESUIVIDESTEXTES4avril2012.pdf<\/a><\/p>\n<p>&nbsp;<\/p>\n<p>&nbsp;<\/p>\n<div class=\"trackable_sharing\"><div class=\"trackable_sharing_text\"><b>Partager avec<\/b><\/div><a href=\"http:\/\/www.facebook.com\/sharer.php?u=https%3A%2F%2Fwww.sud-sdis84.fr%2F%3Fp%3D276\" style=\"text-decoration: none; white-space: nowrap;\" title=\"Facebook\" target=\"_blank\" onclick=\"that=this;_gaq.push(['_trackEvent','SocialSharing','Facebook','https:\/\/www.sud-sdis84.fr\/?p=276']); _trackableshare_window = window.open(this.href,'share','menubar=0,resizable=1,width=500,height=350'); _trackableshare_window.focus(); return false;\"><img align=\"absmiddle\" src=\"https:\/\/www.sud-sdis84.fr\/wp-content\/plugins\/trackable-social-share-icons\/buttons\/1\/\/facebook.png\" alt=\"Facebook\" width=\"32\" height=\"32\"><\/a> <a href=\"http:\/\/twitter.com\/share?url=https%3A%2F%2Fwww.sud-sdis84.fr%2F%3Fp%3D276&text=Avis+d%C3%A9favorable+du+CSFPT+sur+la+2%C3%A8me+partie+du+dossier+SPP\" style=\"text-decoration: none; white-space: nowrap;\" title=\"Twitter\" target=\"_blank\" onclick=\"that=this;_gaq.push(['_trackEvent','SocialSharing','Twitter','https:\/\/www.sud-sdis84.fr\/?p=276']); _trackableshare_window = window.open(this.href,'share','menubar=0,resizable=1,width=500,height=350'); _trackableshare_window.focus(); return false;\"><img align=\"absmiddle\" src=\"https:\/\/www.sud-sdis84.fr\/wp-content\/plugins\/trackable-social-share-icons\/buttons\/1\/\/twitter.png\" alt=\"Twitter\" width=\"32\" height=\"32\"><\/a> <a href=\"mailto:?subject=Check out https%3A%2F%2Fwww.sud-sdis84.fr%2F%3Fp%3D276\" style=\"text-decoration: none; white-space: nowrap;\" title=\"Email\" onclick=\"that=this;_gaq.push(['_trackEvent','SocialSharing','Email','https:\/\/www.sud-sdis84.fr\/?p=276']); \"><img align=\"absmiddle\" src=\"https:\/\/www.sud-sdis84.fr\/wp-content\/plugins\/trackable-social-share-icons\/buttons\/1\/\/email.png\" alt=\"Email\" width=\"32\" height=\"32\"><\/a> <\/div>","protected":false},"excerpt":{"rendered":"<p>Les travaux du CSFPT Dans le cadre de son r\u00f4le consultatif, le Conseil sup\u00e9rieur de la fonction publique territoriale se r\u00e9unit en s\u00e9ance pl\u00e9ni\u00e8re pour examiner pour avis les projets [&hellip;]<\/p>\n","protected":false},"author":1,"featured_media":0,"comment_status":"open","ping_status":"open","sticky":false,"template":"","format":"image","meta":[],"categories":[5,16],"tags":[12,8,6,13],"_links":{"self":[{"href":"https:\/\/www.sud-sdis84.fr\/index.php?rest_route=\/wp\/v2\/posts\/276"}],"collection":[{"href":"https:\/\/www.sud-sdis84.fr\/index.php?rest_route=\/wp\/v2\/posts"}],"about":[{"href":"https:\/\/www.sud-sdis84.fr\/index.php?rest_route=\/wp\/v2\/types\/post"}],"author":[{"embeddable":true,"href":"https:\/\/www.sud-sdis84.fr\/index.php?rest_route=\/wp\/v2\/users\/1"}],"replies":[{"embeddable":true,"href":"https:\/\/www.sud-sdis84.fr\/index.php?rest_route=%2Fwp%2Fv2%2Fcomments&post=276"}],"version-history":[{"count":5,"href":"https:\/\/www.sud-sdis84.fr\/index.php?rest_route=\/wp\/v2\/posts\/276\/revisions"}],"predecessor-version":[{"id":283,"href":"https:\/\/www.sud-sdis84.fr\/index.php?rest_route=\/wp\/v2\/posts\/276\/revisions\/283"}],"wp:attachment":[{"href":"https:\/\/www.sud-sdis84.fr\/index.php?rest_route=%2Fwp%2Fv2%2Fmedia&parent=276"}],"wp:term":[{"taxonomy":"category","embeddable":true,"href":"https:\/\/www.sud-sdis84.fr\/index.php?rest_route=%2Fwp%2Fv2%2Fcategories&post=276"},{"taxonomy":"post_tag","embeddable":true,"href":"https:\/\/www.sud-sdis84.fr\/index.php?rest_route=%2Fwp%2Fv2%2Ftags&post=276"}],"curies":[{"name":"wp","href":"https:\/\/api.w.org\/{rel}","templated":true}]}}