{"id":284,"date":"2012-04-21T10:01:42","date_gmt":"2012-04-21T08:01:42","guid":{"rendered":"http:\/\/www.sud-sdis84.fr\/?p=284"},"modified":"2012-06-18T18:07:27","modified_gmt":"2012-06-18T16:07:27","slug":"la-filiere-est-tombee","status":"publish","type":"post","link":"https:\/\/www.sud-sdis84.fr\/?p=284","title":{"rendered":"La r\u00e9forme de la fili\u00e8re SPP est tomb\u00e9e , et nous avec&#8230; !!!"},"content":{"rendered":"<p><em><strong><span style=\"text-decoration: underline;\"><img decoding=\"async\" loading=\"lazy\" class=\"alignleft size-full wp-image-295\" style=\"margin: 20px;\" title=\"jo\" src=\"https:\/\/www.sud-sdis84.fr\/wp-content\/uploads\/2012\/04\/jo.jpg\" alt=\"\" width=\"82\" height=\"108\" \/><\/span><\/strong><\/em><\/p>\n<p>&nbsp;<\/p>\n<p>La r\u00e9forme de la fili\u00e8re portant sur les statuts et cadre d&#8217;emploi des diff\u00e9rentes cat\u00e9gories des sapeurs pompiers professionnels est parue au Journal officiel<\/p>\n<p>Ce qu&#8217;il faut retenir (suite a une premi\u00e8re lecture\u00a0 ! ):<\/p>\n<p>Il faudra \u00eatre au minimum Sergent pour \u00eatre chef d&#8217;agr\u00e8s 1 engin (ctu, vsav, epsa , ccf, fptl &#8230;.)<\/p>\n<p>et pour \u00eatre chef d&#8217;agr\u00e8s fourgon (2 equipes) il faudra \u00eatre au minimum Adjudant .<br \/>\nCeci \u00e9videmment ne s&#8217;adresse a priori qu&#8217;au SPP (rien ne changerait pour les SPV)<br \/>\net je vous parle pas des passerelles mises en place !!!<\/p>\n<p>je vous laisse visionner le tableaux des primes de responsabilit\u00e9 et des diff\u00e9rents textes &#8230;<\/p>\n<p><em><strong><span style=\"text-decoration: underline;\">Objet :<\/span><\/strong><\/em> modification de l\u2019indemnit\u00e9 de responsabilit\u00e9 et de la liste de concordance des grades et<br \/>\ndes emplois op\u00e9rationnels\u00a0 et d\u2019encadrement.<\/p>\n<p><span style=\"text-decoration: underline;\"><strong><em>Entr\u00e9e en vigueur<\/em><\/strong><\/span> : le texte entre en vigueur le premier jour du mois qui suit celui de la<br \/>\npublication, soit le <strong>1er\u00a0\u00a0 mai 2012<\/strong>.<\/p>\n<p><span style=\"color: #ff0000;\">T\u00e9l\u00e9chargement ici<\/span> : <a title=\"reforme de la filiere spp\" href=\"https:\/\/www.sud-sdis84.fr\/wp-content\/uploads\/2012\/04\/filier-spp-avril-2012.pdf\" target=\"_blank\">filiere spp avril 2012<\/a><\/p>\n<p><em><strong><span style=\"text-decoration: underline;\">Publics\u00a0 concern\u00e9s<\/span><\/strong><\/em> : sapeurs-pompiers\u00a0 professionnels\u00a0 de\u00a0 la\u00a0 fonction\u00a0 publique\u00a0 territoriale<br \/>\nappartenant\u00a0 \u00e0 la cat\u00e9gorie\u00a0 C.<br \/>\n<em><strong><span style=\"text-decoration: underline;\">Objet<\/span><\/strong><\/em> : statut\u00a0 particulier\u00a0 du\u00a0 cadre\u00a0 d\u2019emplois\u00a0 des\u00a0 sapeurs\u00a0 et\u00a0 caporaux\u00a0 de\u00a0 sapeurs-pompiers<br \/>\nprofessionnels rempla\u00e7ant\u00a0 le statut particulier du cadre d\u2019emplois des sapeurs-pompiers<br \/>\nprofessionnels\u00a0 non officiers pour ce qui concerne\u00a0 les sapeurs\u00a0 et caporaux.<\/p>\n<p><strong><em><span style=\"text-decoration: underline;\">Entr\u00e9e\u00a0 en\u00a0 vigueur :\u00a0<\/span><\/em><\/strong> le\u00a0 premier\u00a0 jour\u00a0 du\u00a0 mois\u00a0 qui\u00a0 suit\u00a0 celui\u00a0 de\u00a0 la\u00a0 publication,\u00a0 soit<br \/>\nle<strong>\u00a0 1er\u00a0\u00a0 mai\u00a0 2012<\/strong>,\u00a0 \u00e0 l\u2019exception des dispositions\u00a0 relatives au grade de sapeur de 2e\u00a0 classe,<br \/>\nqui entrent en vigueur le 1er\u00a0 mai 2013.<\/p>\n<p><span style=\"color: #ff0000;\">T\u00e9l\u00e9chargement ici<\/span> :<a title=\"cadre d'emploi des cpx et cch\" href=\"https:\/\/www.sud-sdis84.fr\/wp-content\/uploads\/2012\/04\/filiere-cpx-et-cch.pdf\" target=\"_blank\">filiere cpx et cch<\/a><\/p>\n<p><span style=\"text-decoration: underline;\"><strong><em>\u00a0Publics\u00a0 concern\u00e9s<\/em><\/strong><\/span> : sapeurs-pompiers\u00a0 professionnels\u00a0 de\u00a0 la\u00a0 fonction\u00a0 publique\u00a0 territoriale<br \/>\nappartenant\u00a0 \u00e0 la cat\u00e9gorie\u00a0 C.<br \/>\n<strong><em><span style=\"text-decoration: underline;\">Objet :<\/span><\/em><\/strong>\u00a0\u00a0 statut\u00a0\u00a0 particulier\u00a0\u00a0 du\u00a0\u00a0 cadre\u00a0\u00a0 d\u2019emplois\u00a0\u00a0 des\u00a0\u00a0 sous-officiers\u00a0\u00a0 de<br \/>\nsapeurs-pompiers\u00a0\u00a0 professionnels rempla\u00e7ant\u00a0 le statut particulier du cadre d\u2019emplois des<br \/>\nsapeurs-pompiers\u00a0 professionnels\u00a0 non officiers pour ce qui concerne\u00a0 les sergents\u00a0 et les<br \/>\nadjudants.<\/p>\n<p><span style=\"text-decoration: underline;\"><strong><em>Entr\u00e9e en vigueur<\/em><\/strong><\/span> : le texte entre en vigueur le premier jour du mois qui suit celui de la<br \/>\npublication, soit le <strong>1er\u00a0\u00a0 mai 2012.<\/strong><\/p>\n<address><span style=\"color: #0000ff;\">&#8220;Le recrutement au grade de sergent est assur\u00e9 par concours interne, par la voie d\u2019un examen professionnel<\/span> <span style=\"color: #0000ff;\">mis en place au titre de la promotion interne ou au choix, \u00e9galement au titre de la promotion interne. Le<\/span> <strong><em><span style=\"color: #0000ff;\">concours interne est ouvert aux caporaux ou caporaux-chefs de sapeurs-pompiers professionnels justifiant de<\/span> <\/em><\/strong><span style=\"color: #0000ff;\"><strong><em>trois ans au moins de services effectifs<\/em><\/strong> et de la validation de la formation \u00e0 l\u2019emploi de chef d\u2019\u00e9quipe. <span style=\"text-decoration: underline;\"><strong>Il est<\/strong><\/span><\/span><span style=\"text-decoration: underline;\"><strong> <span style=\"color: #0000ff; text-decoration: underline;\">\u00e9galement ouvert aux agents publics de tout statut justifiant de quatre ans de services publics au moins et<\/span> <\/strong><\/span><span style=\"color: #0000ff;\"><span style=\"text-decoration: underline;\"><strong>d\u2019une qualification \u00e9quivalente \u00e0 celle n\u00e9cessaire \u00e0 l\u2019exercice de l\u2019emploi op\u00e9rationnel de chef d\u2019\u00e9quipe<\/strong><\/span>. Il est<\/span> <span style=\"color: #0000ff;\">enfin ouvert aux ressortissants d\u2019un Etat membre de l\u2019Union europ\u00e9enne dans les conditions de droit commun<\/span> <span style=\"color: #0000ff;\">de la fonction publique. L\u2019examen professionnel est r\u00e9serv\u00e9 aux caporaux ou caporaux-chefs de sapeurs-pompiers<\/span> <span style=\"color: #0000ff;\">professionnels justifiant de six ans au moins de services effectifs et de la validation de la formation \u00e0<\/span> <span style=\"color: #0000ff;\">l\u2019emploi de chef d\u2019\u00e9quipe, tandis que la s\u00e9lection au choix est r\u00e9serv\u00e9e aux seuls caporaux-chefs justifiant de<\/span> <span style=\"color: #0000ff;\">six ans au moins de services effectifs et de la validation de la formation \u00e0 l\u2019emploi de chef d\u2019\u00e9quipe. &#8220;<\/span><\/address>\n<p><span style=\"color: #ff0000;\">T\u00e9l\u00e9chargement ici<\/span> :<a title=\"statuts et cadre d'emploi des s\/off\" href=\"https:\/\/www.sud-sdis84.fr\/wp-content\/uploads\/2012\/04\/filiere-statuts-et-cadre-s-off.pdf\" target=\"_blank\">filiere statuts et cadre s-off<\/a><\/p>\n<p><strong><em><span style=\"text-decoration: underline;\">Publics concern\u00e9s<\/span><\/em><\/strong> : sapeurs-pompiers professionnels de la fonction publique territoriale appartenant \u00e0 la<br \/>\n<strong>cat\u00e9gorie B.<\/strong><br \/>\n<strong><em><span style=\"text-decoration: underline;\">Objet<\/span> :<\/em><\/strong> statut particulier du cadre d\u2019emplois des lieutenants de sapeurs-pompiers professionnels rempla\u00e7ant<br \/>\nle statut particulier du cadre d\u2019emplois des majors et lieutenants de sapeurs-pompiers professionnels.<br \/>\n<strong><em><span style=\"text-decoration: underline;\">Entr\u00e9e en vigueur :<\/span><\/em><\/strong> le texte entre en vigueur le premier jour du mois qui suit celui de la publication soit le<br \/>\n<strong>1er mai 2012.<\/strong><\/p>\n<p><span style=\"color: #ff0000;\">T\u00e9l\u00e9chargement ici<\/span> :<a title=\"statuts et cadre emploi ltn\" href=\"https:\/\/www.sud-sdis84.fr\/wp-content\/uploads\/2012\/04\/filiere-ltn.pdf\" target=\"_blank\">filiere ltn<\/a><\/p>\n<p>Le reste des articles se trouve ici :<a title=\"journal officiel reforme fili\u00e8re\" href=\"http:\/\/www.journal-officiel.gouv.fr\/frameset.html\" target=\"_blank\"> journal officiel 21 avril 2012<\/a><\/p>\n<p>&nbsp;<\/p>\n<div class=\"trackable_sharing\"><div class=\"trackable_sharing_text\"><b>Partager avec<\/b><\/div><a href=\"http:\/\/www.facebook.com\/sharer.php?u=https%3A%2F%2Fwww.sud-sdis84.fr%2F%3Fp%3D284\" style=\"text-decoration: none; white-space: nowrap;\" title=\"Facebook\" target=\"_blank\" onclick=\"that=this;_gaq.push(['_trackEvent','SocialSharing','Facebook','https:\/\/www.sud-sdis84.fr\/?p=284']); _trackableshare_window = window.open(this.href,'share','menubar=0,resizable=1,width=500,height=350'); _trackableshare_window.focus(); return false;\"><img align=\"absmiddle\" src=\"https:\/\/www.sud-sdis84.fr\/wp-content\/plugins\/trackable-social-share-icons\/buttons\/1\/\/facebook.png\" alt=\"Facebook\" width=\"32\" height=\"32\"><\/a> <a href=\"http:\/\/twitter.com\/share?url=https%3A%2F%2Fwww.sud-sdis84.fr%2F%3Fp%3D284&text=La+r%C3%A9forme+de+la+fili%C3%A8re+SPP+est+tomb%C3%A9e+%2C+et+nous+avec%26%238230%3B+%21%21%21\" style=\"text-decoration: none; white-space: nowrap;\" title=\"Twitter\" target=\"_blank\" onclick=\"that=this;_gaq.push(['_trackEvent','SocialSharing','Twitter','https:\/\/www.sud-sdis84.fr\/?p=284']); _trackableshare_window = window.open(this.href,'share','menubar=0,resizable=1,width=500,height=350'); _trackableshare_window.focus(); return false;\"><img align=\"absmiddle\" src=\"https:\/\/www.sud-sdis84.fr\/wp-content\/plugins\/trackable-social-share-icons\/buttons\/1\/\/twitter.png\" alt=\"Twitter\" width=\"32\" height=\"32\"><\/a> <a href=\"mailto:?subject=Check out https%3A%2F%2Fwww.sud-sdis84.fr%2F%3Fp%3D284\" style=\"text-decoration: none; white-space: nowrap;\" title=\"Email\" onclick=\"that=this;_gaq.push(['_trackEvent','SocialSharing','Email','https:\/\/www.sud-sdis84.fr\/?p=284']); \"><img align=\"absmiddle\" src=\"https:\/\/www.sud-sdis84.fr\/wp-content\/plugins\/trackable-social-share-icons\/buttons\/1\/\/email.png\" alt=\"Email\" width=\"32\" height=\"32\"><\/a> <\/div>","protected":false},"excerpt":{"rendered":"<p>&nbsp; La r\u00e9forme de la fili\u00e8re portant sur les statuts et cadre d&#8217;emploi des diff\u00e9rentes cat\u00e9gories des sapeurs pompiers professionnels est parue au Journal officiel Ce qu&#8217;il faut retenir (suite [&hellip;]<\/p>\n","protected":false},"author":1,"featured_media":0,"comment_status":"open","ping_status":"open","sticky":false,"template":"","format":"gallery","meta":[],"categories":[1,9,16],"tags":[12,8,21,6,13,10,22],"_links":{"self":[{"href":"https:\/\/www.sud-sdis84.fr\/index.php?rest_route=\/wp\/v2\/posts\/284"}],"collection":[{"href":"https:\/\/www.sud-sdis84.fr\/index.php?rest_route=\/wp\/v2\/posts"}],"about":[{"href":"https:\/\/www.sud-sdis84.fr\/index.php?rest_route=\/wp\/v2\/types\/post"}],"author":[{"embeddable":true,"href":"https:\/\/www.sud-sdis84.fr\/index.php?rest_route=\/wp\/v2\/users\/1"}],"replies":[{"embeddable":true,"href":"https:\/\/www.sud-sdis84.fr\/index.php?rest_route=%2Fwp%2Fv2%2Fcomments&post=284"}],"version-history":[{"count":17,"href":"https:\/\/www.sud-sdis84.fr\/index.php?rest_route=\/wp\/v2\/posts\/284\/revisions"}],"predecessor-version":[{"id":287,"href":"https:\/\/www.sud-sdis84.fr\/index.php?rest_route=\/wp\/v2\/posts\/284\/revisions\/287"}],"wp:attachment":[{"href":"https:\/\/www.sud-sdis84.fr\/index.php?rest_route=%2Fwp%2Fv2%2Fmedia&parent=284"}],"wp:term":[{"taxonomy":"category","embeddable":true,"href":"https:\/\/www.sud-sdis84.fr\/index.php?rest_route=%2Fwp%2Fv2%2Fcategories&post=284"},{"taxonomy":"post_tag","embeddable":true,"href":"https:\/\/www.sud-sdis84.fr\/index.php?rest_route=%2Fwp%2Fv2%2Ftags&post=284"}],"curies":[{"name":"wp","href":"https:\/\/api.w.org\/{rel}","templated":true}]}}