{"id":354,"date":"2012-05-12T11:25:04","date_gmt":"2012-05-12T09:25:04","guid":{"rendered":"http:\/\/www.sud-sdis84.fr\/?p=354"},"modified":"2012-06-18T18:06:46","modified_gmt":"2012-06-18T16:06:46","slug":"reforme-filiere-suite-des-decrets-et-articles-concours","status":"publish","type":"post","link":"https:\/\/www.sud-sdis84.fr\/?p=354","title":{"rendered":"r\u00e9forme fili\u00e8re suite des d\u00e9crets et articles (concours)"},"content":{"rendered":"<p>Voici la suite des d\u00e9crets et articles, relatifs aux diff\u00e9rents concours et acc\u00e8s aux grades, promulgu\u00e9s au journal officiel le 7 mai (et oui le lendemain des \u00e9lections !!)<br \/>\nLors de la lectures de ces documents faites bien attention \u00e0 la date d&#8217;entr\u00e9e en vigueur, ce n&#8217;est pas la m\u00eame pour tous: ex :<em><strong> le 1er juin 2012 pour l\u2019acc\u00e8s Spp 2\u00e8me classe<\/strong><\/em> et le <em><strong><span style=\"color: #888888;\">1er janvier 2013<\/span><\/strong><\/em> pour les \u00e9preuves et modalit\u00e9s d\u2019organisation de l\u2019examen professionnel au titre de la promotion interne pour l\u2019acc\u00e8s au <strong><span style=\"color: #888888;\"><em>grade de sergent<\/em><\/span><\/strong> de sapeurs-pompiers professionnels.<\/p>\n<p><a href=\"https:\/\/www.sud-sdis84.fr\/wp-content\/uploads\/2012\/05\/Arr\u00eat\u00e9-du-7-mai-2012-relatif-au-programme-de-lexamen-professionnel-pr\u00e9vu-\u00e0-larticle-11-du.pdf\" target=\"_blank\">Arr\u00eat\u00e9 du 7 mai 2012 relatif au programme de l&#8217;examen professionnel<\/a><\/p>\n<p><a href=\"https:\/\/www.sud-sdis84.fr\/wp-content\/uploads\/2012\/05\/Arr\u00eat\u00e9-du-7-mai-2012-modifiant-larr\u00eat\u00e9-du-2-ao\u00fbt-2001-relatif-aux-concours-professionnels.pdf\" target=\"_blank\">Arr\u00eat\u00e9 du 7 mai 2012 modifiant l&#8217;arr\u00eat\u00e9 du 2 ao\u00fbt 2001 relatif aux concours professionnels<\/a><\/p>\n<p><a href=\"https:\/\/www.sud-sdis84.fr\/wp-content\/uploads\/2012\/05\/Arr\u00eat\u00e9-du-7-mai-2012-relatif-au-programme-des-concours-pr\u00e9vus-\u00e0-larticle-5-du-d\u00e9cret.pdf\">Arr\u00eat\u00e9 du 7 mai 2012 relatif au programme des concours pr\u00e9vus \u00e0 l&#8217;article 5 du d\u00e9cret<\/a><\/p>\n<p><a href=\"https:\/\/www.sud-sdis84.fr\/wp-content\/uploads\/2012\/05\/Arr\u00eat\u00e9-du-7-mai-2012-relatif-au-programme-des-concours-pr\u00e9vus-aux-articles-5-et-8-et-de.pdf\">Arr\u00eat\u00e9 du 7 mai 2012 relatif au programme des concours pr\u00e9vus aux articles 5 et 8 et de<\/a><\/p>\n<p><a href=\"https:\/\/www.sud-sdis84.fr\/wp-content\/uploads\/2012\/05\/Arr\u00eat\u00e9-du-7-mai-2012-relatif-au-programme-du-concours-pr\u00e9vu-\u00e0-larticle-4-du-d\u00e9cret-no-2012-521.pdf\">Arr\u00eat\u00e9 du 7 mai 2012 relatif au programme du concours pr\u00e9vu \u00e0 l&#8217;article 4 du d\u00e9cret no 2012-521<\/a><\/p>\n<p><a href=\"https:\/\/www.sud-sdis84.fr\/wp-content\/uploads\/2012\/05\/D\u00e9cret-n\u00b0-2012-726-du-7-mai-2012-fixant-les-modalit\u00e9s-dorganisation-des-examens.pdf\">D\u00e9cret n\u00b0 2012-726 du 7 mai 2012 fixant les modalit\u00e9s d&#8217;organisation des examens<\/a><\/p>\n<p><a href=\"https:\/\/www.sud-sdis84.fr\/wp-content\/uploads\/2012\/05\/D\u00e9cret-n\u00b0-2012-727-du-7-mai-2012-fixant-les-modalit\u00e9s-dorganisation-des-concours-pr\u00e9vus-aux.pdf\">D\u00e9cret n\u00b0 2012-727 du 7 mai 2012 fixant les modalit\u00e9s d&#8217;organisation des concours ltn 1ere et 2eme classe<\/a><\/p>\n<p><a href=\"https:\/\/www.sud-sdis84.fr\/wp-content\/uploads\/2012\/05\/D\u00e9cret-n\u00b0-2012-728-du-7-mai-2012-fixant-les-modalit\u00e9s-dorganisation-des-concours-pr\u00e9vus-\u00e0.pdf\">D\u00e9cret n\u00b0 2012-728 du 7 mai 2012 fixant les modalit\u00e9s d&#8217;organisation des concours spp 1ere classe<\/a><\/p>\n<p><a href=\"https:\/\/www.sud-sdis84.fr\/wp-content\/uploads\/2012\/05\/D\u00e9cret-n\u00b0-2012-729-du-7-mai-2012-fixant-les-modalit\u00e9s-dorganisation-de-lexamen-professionnel.pdf\">D\u00e9cret n\u00b0 2012-729 du 7 mai 2012 fixant les modalit\u00e9s d&#8217;organisation de l&#8217;examen professionnel spp 2eme classe<\/a><\/p>\n<p><a href=\"https:\/\/www.sud-sdis84.fr\/wp-content\/uploads\/2012\/05\/D\u00e9cret-n\u00b0-2012-730-du-7-mai-2012-fixant-les-modalit\u00e9s-dorganisation-du-concours-pr\u00e9vu-\u00e0.pdf\">D\u00e9cret n\u00b0 2012-730 du 7 mai 2012 fixant les modalit\u00e9s d&#8217;organisation du concours sgt<\/a><\/p>\n<p><a href=\"https:\/\/www.sud-sdis84.fr\/wp-content\/uploads\/2012\/05\/D\u00e9cret-n\u00b0-2012-731-du-7-mai-2012-fixant-les-modalit\u00e9s-dorganisation-de-lexamen-professionnel.pdf\">D\u00e9cret n\u00b0 2012-731 du 7 mai 2012 fixant les modalit\u00e9s d&#8217;organisation de l&#8217;examen professionnel<\/a><\/p>\n<p>&nbsp;<\/p>\n<p>&nbsp;<\/p>\n<div class=\"trackable_sharing\"><div class=\"trackable_sharing_text\"><b>Partager avec<\/b><\/div><a href=\"http:\/\/www.facebook.com\/sharer.php?u=https%3A%2F%2Fwww.sud-sdis84.fr%2F%3Fp%3D354\" style=\"text-decoration: none; white-space: nowrap;\" title=\"Facebook\" target=\"_blank\" onclick=\"that=this;_gaq.push(['_trackEvent','SocialSharing','Facebook','https:\/\/www.sud-sdis84.fr\/?p=354']); _trackableshare_window = window.open(this.href,'share','menubar=0,resizable=1,width=500,height=350'); _trackableshare_window.focus(); return false;\"><img align=\"absmiddle\" src=\"https:\/\/www.sud-sdis84.fr\/wp-content\/plugins\/trackable-social-share-icons\/buttons\/1\/\/facebook.png\" alt=\"Facebook\" width=\"32\" height=\"32\"><\/a> <a href=\"http:\/\/twitter.com\/share?url=https%3A%2F%2Fwww.sud-sdis84.fr%2F%3Fp%3D354&text=r%C3%A9forme+fili%C3%A8re+suite+des+d%C3%A9crets+et+articles+%28concours%29\" style=\"text-decoration: none; white-space: nowrap;\" title=\"Twitter\" target=\"_blank\" onclick=\"that=this;_gaq.push(['_trackEvent','SocialSharing','Twitter','https:\/\/www.sud-sdis84.fr\/?p=354']); _trackableshare_window = window.open(this.href,'share','menubar=0,resizable=1,width=500,height=350'); _trackableshare_window.focus(); return false;\"><img align=\"absmiddle\" src=\"https:\/\/www.sud-sdis84.fr\/wp-content\/plugins\/trackable-social-share-icons\/buttons\/1\/\/twitter.png\" alt=\"Twitter\" width=\"32\" height=\"32\"><\/a> <a href=\"mailto:?subject=Check out https%3A%2F%2Fwww.sud-sdis84.fr%2F%3Fp%3D354\" style=\"text-decoration: none; white-space: nowrap;\" title=\"Email\" onclick=\"that=this;_gaq.push(['_trackEvent','SocialSharing','Email','https:\/\/www.sud-sdis84.fr\/?p=354']); \"><img align=\"absmiddle\" src=\"https:\/\/www.sud-sdis84.fr\/wp-content\/plugins\/trackable-social-share-icons\/buttons\/1\/\/email.png\" alt=\"Email\" width=\"32\" height=\"32\"><\/a> <\/div>","protected":false},"excerpt":{"rendered":"<p>Voici la suite des d\u00e9crets et articles, relatifs aux diff\u00e9rents concours et acc\u00e8s aux grades, promulgu\u00e9s au journal officiel le 7 mai (et oui le lendemain des \u00e9lections !!) Lors [&hellip;]<\/p>\n","protected":false},"author":1,"featured_media":0,"comment_status":"open","ping_status":"open","sticky":false,"template":"","format":"gallery","meta":[],"categories":[5,1,9,16],"tags":[24,12,8,21,6,22],"_links":{"self":[{"href":"https:\/\/www.sud-sdis84.fr\/index.php?rest_route=\/wp\/v2\/posts\/354"}],"collection":[{"href":"https:\/\/www.sud-sdis84.fr\/index.php?rest_route=\/wp\/v2\/posts"}],"about":[{"href":"https:\/\/www.sud-sdis84.fr\/index.php?rest_route=\/wp\/v2\/types\/post"}],"author":[{"embeddable":true,"href":"https:\/\/www.sud-sdis84.fr\/index.php?rest_route=\/wp\/v2\/users\/1"}],"replies":[{"embeddable":true,"href":"https:\/\/www.sud-sdis84.fr\/index.php?rest_route=%2Fwp%2Fv2%2Fcomments&post=354"}],"version-history":[{"count":6,"href":"https:\/\/www.sud-sdis84.fr\/index.php?rest_route=\/wp\/v2\/posts\/354\/revisions"}],"predecessor-version":[{"id":370,"href":"https:\/\/www.sud-sdis84.fr\/index.php?rest_route=\/wp\/v2\/posts\/354\/revisions\/370"}],"wp:attachment":[{"href":"https:\/\/www.sud-sdis84.fr\/index.php?rest_route=%2Fwp%2Fv2%2Fmedia&parent=354"}],"wp:term":[{"taxonomy":"category","embeddable":true,"href":"https:\/\/www.sud-sdis84.fr\/index.php?rest_route=%2Fwp%2Fv2%2Fcategories&post=354"},{"taxonomy":"post_tag","embeddable":true,"href":"https:\/\/www.sud-sdis84.fr\/index.php?rest_route=%2Fwp%2Fv2%2Ftags&post=354"}],"curies":[{"name":"wp","href":"https:\/\/api.w.org\/{rel}","templated":true}]}}