{"id":403,"date":"2012-05-16T10:55:30","date_gmt":"2012-05-16T08:55:30","guid":{"rendered":"http:\/\/www.sud-sdis84.fr\/?p=403"},"modified":"2012-06-18T18:06:01","modified_gmt":"2012-06-18T16:06:01","slug":"a-peine-nomme","status":"publish","type":"post","link":"https:\/\/www.sud-sdis84.fr\/?p=403","title":{"rendered":"A peine Nomm\u00e9 &#8230;."},"content":{"rendered":"<h1><img decoding=\"async\" loading=\"lazy\" class=\"alignleft  wp-image-405\" style=\"border: 0pt none;\" title=\"Valls_Toulouse_2012\" src=\"https:\/\/www.sud-sdis84.fr\/wp-content\/uploads\/2012\/05\/Valls_Toulouse_2012-200x300.jpg\" alt=\"\" width=\"133\" height=\"196\" \/>D\u00e8s sa nomination,<\/h1>\n<p>SUD SDIS a \u00e9crit au nouveau Ministre de l\u2019int\u00e9rieur Mr <em><strong>Manuel Valls<\/strong><\/em><\/p>\n<p><span style=\"text-decoration: underline;\"><em><strong>Objet : R\u00e9forme de la fili\u00e8re sapeurs-pompiers<\/strong><\/em><\/span><\/p>\n<p><strong>Monsieur le Ministre,<\/strong><\/p>\n<p>Depuis plusieurs mois, notre syndicat, au c\u00f4t\u00e9 de la CGT, la CFDT et FA, est en lutte contre une r\u00e9forme de la fili\u00e8re sapeurs-pompiers professionnels.<\/p>\n<p>Cette r\u00e9forme, envisag\u00e9e et reconnue comme n\u00e9cessaire par tous a malheureusement \u00e9t\u00e9 pr\u00e9par\u00e9e et \u00e9crite dans le seul but de poursuivre la politique de d\u00e9mant\u00e8lement des services publics men\u00e9e par le gouvernement pr\u00e9c\u00e9dent.<\/p>\n<p>Ainsi, tous les textes sont parus au JO du 21 avril 2012. Nous ne croyons pas au hasard de la date et cela est bien la preuve qu\u2019il fallait faire plaisir aux amis.<\/p>\n<p>Ces textes<strong> <\/strong>sont issus des seuls travaux de syndicats minoritaires dans la profession ligu\u00e9s avec une association loi 1901, la F\u00e9d\u00e9ration Nationale des Sapeurs Pompiers de France, dont l\u2019ancien pr\u00e9sident a \u00e9t\u00e9 nomm\u00e9 Pr\u00e9fet sit\u00f4t le protocole d\u2019accord sur la r\u00e9forme sign\u00e9.<\/p>\n<p>Il est \u00e9vident, pour nous comme pour vous, nous en sommes convaincus, qu\u2019une association n\u2019a pas vocation \u00e0 discuter, proposer et amender des textes statutaires, si elle n\u2019a pas re\u00e7u pour cela de mandat des personnels qu\u2019elle atteste repr\u00e9senter.<\/p>\n<p>La d\u00e9signation des dirigeants de cette association n\u2019est pas issue des \u00e9lections professionnelles<\/p>\n<p>la suite dans la version compl\u00e8te en PDF : t\u00e9l\u00e9charger <a title=\"Courrier manuel valls 05-2012\" href=\"https:\/\/www.sud-sdis84.fr\/wp-content\/uploads\/2012\/05\/VALLS-16-05-2012.pdf\" target=\"_blank\">VALLS-16-05-2012<\/a><\/p>\n<div class=\"trackable_sharing\"><div class=\"trackable_sharing_text\"><b>Partager avec<\/b><\/div><a href=\"http:\/\/www.facebook.com\/sharer.php?u=https%3A%2F%2Fwww.sud-sdis84.fr%2F%3Fp%3D403\" style=\"text-decoration: none; white-space: nowrap;\" title=\"Facebook\" target=\"_blank\" onclick=\"that=this;_gaq.push(['_trackEvent','SocialSharing','Facebook','https:\/\/www.sud-sdis84.fr\/?p=403']); _trackableshare_window = window.open(this.href,'share','menubar=0,resizable=1,width=500,height=350'); _trackableshare_window.focus(); return false;\"><img align=\"absmiddle\" src=\"https:\/\/www.sud-sdis84.fr\/wp-content\/plugins\/trackable-social-share-icons\/buttons\/1\/\/facebook.png\" alt=\"Facebook\" width=\"32\" height=\"32\"><\/a> <a href=\"http:\/\/twitter.com\/share?url=https%3A%2F%2Fwww.sud-sdis84.fr%2F%3Fp%3D403&text=A+peine+Nomm%C3%A9+%26%238230%3B.\" style=\"text-decoration: none; white-space: nowrap;\" title=\"Twitter\" target=\"_blank\" onclick=\"that=this;_gaq.push(['_trackEvent','SocialSharing','Twitter','https:\/\/www.sud-sdis84.fr\/?p=403']); _trackableshare_window = window.open(this.href,'share','menubar=0,resizable=1,width=500,height=350'); _trackableshare_window.focus(); return false;\"><img align=\"absmiddle\" src=\"https:\/\/www.sud-sdis84.fr\/wp-content\/plugins\/trackable-social-share-icons\/buttons\/1\/\/twitter.png\" alt=\"Twitter\" width=\"32\" height=\"32\"><\/a> <a href=\"mailto:?subject=Check out https%3A%2F%2Fwww.sud-sdis84.fr%2F%3Fp%3D403\" style=\"text-decoration: none; white-space: nowrap;\" title=\"Email\" onclick=\"that=this;_gaq.push(['_trackEvent','SocialSharing','Email','https:\/\/www.sud-sdis84.fr\/?p=403']); \"><img align=\"absmiddle\" src=\"https:\/\/www.sud-sdis84.fr\/wp-content\/plugins\/trackable-social-share-icons\/buttons\/1\/\/email.png\" alt=\"Email\" width=\"32\" height=\"32\"><\/a> <\/div>","protected":false},"excerpt":{"rendered":"<p>D\u00e8s sa nomination, SUD SDIS a \u00e9crit au nouveau Ministre de l\u2019int\u00e9rieur Mr Manuel Valls Objet : R\u00e9forme de la fili\u00e8re sapeurs-pompiers Monsieur le Ministre, Depuis plusieurs mois, notre syndicat, [&hellip;]<\/p>\n","protected":false},"author":1,"featured_media":0,"comment_status":"open","ping_status":"open","sticky":false,"template":"","format":"gallery","meta":[],"categories":[5,16],"tags":[21,6,22,25],"_links":{"self":[{"href":"https:\/\/www.sud-sdis84.fr\/index.php?rest_route=\/wp\/v2\/posts\/403"}],"collection":[{"href":"https:\/\/www.sud-sdis84.fr\/index.php?rest_route=\/wp\/v2\/posts"}],"about":[{"href":"https:\/\/www.sud-sdis84.fr\/index.php?rest_route=\/wp\/v2\/types\/post"}],"author":[{"embeddable":true,"href":"https:\/\/www.sud-sdis84.fr\/index.php?rest_route=\/wp\/v2\/users\/1"}],"replies":[{"embeddable":true,"href":"https:\/\/www.sud-sdis84.fr\/index.php?rest_route=%2Fwp%2Fv2%2Fcomments&post=403"}],"version-history":[{"count":5,"href":"https:\/\/www.sud-sdis84.fr\/index.php?rest_route=\/wp\/v2\/posts\/403\/revisions"}],"predecessor-version":[{"id":409,"href":"https:\/\/www.sud-sdis84.fr\/index.php?rest_route=\/wp\/v2\/posts\/403\/revisions\/409"}],"wp:attachment":[{"href":"https:\/\/www.sud-sdis84.fr\/index.php?rest_route=%2Fwp%2Fv2%2Fmedia&parent=403"}],"wp:term":[{"taxonomy":"category","embeddable":true,"href":"https:\/\/www.sud-sdis84.fr\/index.php?rest_route=%2Fwp%2Fv2%2Fcategories&post=403"},{"taxonomy":"post_tag","embeddable":true,"href":"https:\/\/www.sud-sdis84.fr\/index.php?rest_route=%2Fwp%2Fv2%2Ftags&post=403"}],"curies":[{"name":"wp","href":"https:\/\/api.w.org\/{rel}","templated":true}]}}