{"id":456,"date":"2012-08-01T15:38:44","date_gmt":"2012-08-01T13:38:44","guid":{"rendered":"http:\/\/www.sud-sdis84.fr\/?p=456"},"modified":"2012-08-01T15:38:44","modified_gmt":"2012-08-01T13:38:44","slug":"decret-retraite-apres-carriere-longue","status":"publish","type":"post","link":"https:\/\/www.sud-sdis84.fr\/?p=456","title":{"rendered":"D\u00e9cret retraite apr\u00e8s carri\u00e8re longue"},"content":{"rendered":"<p>Le <strong><span style=\"text-decoration: underline;\"><a href=\"http:\/\/www.legifrance.gouv.fr\/affichTexte.do;jsessionid=?cidTexte=JORFTEXT000026106324&amp;dateTexte=&amp;oldAction=rechJO&amp;categorieLien=id\" target=\"_blank\">d\u00e9cret n\u00b0 2012-847 du 2 juillet 2012<\/a><\/span><\/strong> relatif \u00e0 l&#8217;\u00e2ge d&#8217;ouverture du droit \u00e0 pension de vieillesse a \u00e9t\u00e9 publi\u00e9 au JO du 3 juillet 2012. <strong><span style=\"text-decoration: underline;\">Publics concern\u00e9s<\/span><\/strong> <span style=\"text-decoration: underline;\">:<\/span> les assur\u00e9s du r\u00e9gime g\u00e9n\u00e9ral, des r\u00e9gimes align\u00e9s (salari\u00e9s agricoles, artisans, commer\u00e7ants), des travailleurs non salari\u00e9s agricoles, des professions lib\u00e9rales, des avocats, du <strong>r\u00e9gime de la fonction publique de l&#8217;Etat, des r\u00e9gimes de retraite des<\/strong> <strong>fonctionnaires territoriaux<\/strong> <strong>et hospitaliers<\/strong> et des ouvriers de l&#8217;Etat, du r\u00e9gime social des ministres du culte, du r\u00e9gime de retraite du personnel de la R\u00e9gie autonome des transports parisiens, du r\u00e9gime des industries \u00e9lectriques et gazi\u00e8res, du r\u00e9gime de la Banque de France, du r\u00e9gime des clercs et employ\u00e9s de notaires, du r\u00e9gime de l&#8217;Op\u00e9ra national de Paris et du r\u00e9gime de la Com\u00e9die-Fran\u00e7aise.<\/p>\n<p><a href=\"https:\/\/www.sud-sdis84.fr\/wp-content\/uploads\/2012\/08\/decret-retraite-60-ans.pdf\" target=\"_blank\">telecharger ici :decret retraite 60 ans<\/a><\/p>\n<div class=\"trackable_sharing\"><div class=\"trackable_sharing_text\"><b>Partager avec<\/b><\/div><a href=\"http:\/\/www.facebook.com\/sharer.php?u=https%3A%2F%2Fwww.sud-sdis84.fr%2F%3Fp%3D456\" style=\"text-decoration: none; white-space: nowrap;\" title=\"Facebook\" target=\"_blank\" onclick=\"that=this;_gaq.push(['_trackEvent','SocialSharing','Facebook','https:\/\/www.sud-sdis84.fr\/?p=456']); _trackableshare_window = window.open(this.href,'share','menubar=0,resizable=1,width=500,height=350'); _trackableshare_window.focus(); return false;\"><img align=\"absmiddle\" src=\"https:\/\/www.sud-sdis84.fr\/wp-content\/plugins\/trackable-social-share-icons\/buttons\/1\/\/facebook.png\" alt=\"Facebook\" width=\"32\" height=\"32\"><\/a> <a href=\"http:\/\/twitter.com\/share?url=https%3A%2F%2Fwww.sud-sdis84.fr%2F%3Fp%3D456&text=D%C3%A9cret+retraite+apr%C3%A8s+carri%C3%A8re+longue\" style=\"text-decoration: none; white-space: nowrap;\" title=\"Twitter\" target=\"_blank\" onclick=\"that=this;_gaq.push(['_trackEvent','SocialSharing','Twitter','https:\/\/www.sud-sdis84.fr\/?p=456']); _trackableshare_window = window.open(this.href,'share','menubar=0,resizable=1,width=500,height=350'); _trackableshare_window.focus(); return false;\"><img align=\"absmiddle\" src=\"https:\/\/www.sud-sdis84.fr\/wp-content\/plugins\/trackable-social-share-icons\/buttons\/1\/\/twitter.png\" alt=\"Twitter\" width=\"32\" height=\"32\"><\/a> <a href=\"mailto:?subject=Check out https%3A%2F%2Fwww.sud-sdis84.fr%2F%3Fp%3D456\" style=\"text-decoration: none; white-space: nowrap;\" title=\"Email\" onclick=\"that=this;_gaq.push(['_trackEvent','SocialSharing','Email','https:\/\/www.sud-sdis84.fr\/?p=456']); \"><img align=\"absmiddle\" src=\"https:\/\/www.sud-sdis84.fr\/wp-content\/plugins\/trackable-social-share-icons\/buttons\/1\/\/email.png\" alt=\"Email\" width=\"32\" height=\"32\"><\/a> <\/div>","protected":false},"excerpt":{"rendered":"<p>Le d\u00e9cret n\u00b0 2012-847 du 2 juillet 2012 relatif \u00e0 l&#8217;\u00e2ge d&#8217;ouverture du droit \u00e0 pension de vieillesse a \u00e9t\u00e9 publi\u00e9 au JO du 3 juillet 2012. Publics concern\u00e9s : [&hellip;]<\/p>\n","protected":false},"author":1,"featured_media":0,"comment_status":"open","ping_status":"open","sticky":false,"template":"","format":"standard","meta":[],"categories":[5,1,9,3],"tags":[],"_links":{"self":[{"href":"https:\/\/www.sud-sdis84.fr\/index.php?rest_route=\/wp\/v2\/posts\/456"}],"collection":[{"href":"https:\/\/www.sud-sdis84.fr\/index.php?rest_route=\/wp\/v2\/posts"}],"about":[{"href":"https:\/\/www.sud-sdis84.fr\/index.php?rest_route=\/wp\/v2\/types\/post"}],"author":[{"embeddable":true,"href":"https:\/\/www.sud-sdis84.fr\/index.php?rest_route=\/wp\/v2\/users\/1"}],"replies":[{"embeddable":true,"href":"https:\/\/www.sud-sdis84.fr\/index.php?rest_route=%2Fwp%2Fv2%2Fcomments&post=456"}],"version-history":[{"count":2,"href":"https:\/\/www.sud-sdis84.fr\/index.php?rest_route=\/wp\/v2\/posts\/456\/revisions"}],"predecessor-version":[{"id":459,"href":"https:\/\/www.sud-sdis84.fr\/index.php?rest_route=\/wp\/v2\/posts\/456\/revisions\/459"}],"wp:attachment":[{"href":"https:\/\/www.sud-sdis84.fr\/index.php?rest_route=%2Fwp%2Fv2%2Fmedia&parent=456"}],"wp:term":[{"taxonomy":"category","embeddable":true,"href":"https:\/\/www.sud-sdis84.fr\/index.php?rest_route=%2Fwp%2Fv2%2Fcategories&post=456"},{"taxonomy":"post_tag","embeddable":true,"href":"https:\/\/www.sud-sdis84.fr\/index.php?rest_route=%2Fwp%2Fv2%2Ftags&post=456"}],"curies":[{"name":"wp","href":"https:\/\/api.w.org\/{rel}","templated":true}]}}