{"id":477,"date":"2012-09-28T11:26:04","date_gmt":"2012-09-28T09:26:04","guid":{"rendered":"http:\/\/www.sud-sdis84.fr\/?p=477"},"modified":"2012-09-28T11:26:04","modified_gmt":"2012-09-28T09:26:04","slug":"lettre-ouverte-au-ministre-de-linterieur-manuel-valls","status":"publish","type":"post","link":"https:\/\/www.sud-sdis84.fr\/?p=477","title":{"rendered":"Lettre ouverte au Ministre de l&#8217;Interieur Manuel VALLS"},"content":{"rendered":"<p><img decoding=\"async\" loading=\"lazy\" class=\"alignleft size-full wp-image-395\" title=\"logo-sud-national\" src=\"https:\/\/www.sud-sdis84.fr\/wp-content\/uploads\/2012\/05\/logo-sud-national.jpg\" alt=\"\" width=\"168\" height=\"89\" \/><\/p>\n<p>&nbsp;<\/p>\n<p>&nbsp;<\/p>\n<p>Monsieur le Ministre de l\u2019Int\u00e9rieur<br \/>\nLa fin de l\u2019ann\u00e9e 2011 aura \u00e9t\u00e9 marqu\u00e9e par la col\u00e8re d\u2019un grand nombre de sapeurs pompiers professionnels en r\u00e9ponse \u00e0 la signature du protocole d\u2019accord sur la r\u00e9forme de<br \/>\nla fili\u00e8re \u00e0 l\u2019occasion du congr\u00e8s de la F\u00e9d\u00e9ration Nationale des Sapeurs Pompiers de<br \/>\nFrance \u00e0 Nantes en septembre 2011.<br \/>\nAbusant de son statut associatif, rendu puissante par l\u2019adh\u00e9sion quasi obligatoire des<br \/>\npompiers, m\u00eame sans leur consentement, la FNSPF a sign\u00e9 ce protocole aux c\u00f4t\u00e9s de<br \/>\nquelques syndicats repr\u00e9sentants une infime partie de la profession compos\u00e9s<br \/>\nessentiellement d\u2019agents de cat\u00e9gorie A et B.<\/p>\n<p>&#8230;<\/p>\n<p>Malgr\u00e9 les propositions concr\u00e8tes de l\u2019intersyndicale nationale FA, SUD, CFDT et CGT<br \/>\ncette r\u00e9forme a \u00e9t\u00e9 appliqu\u00e9e avec un renforcement des possibilit\u00e9s de primes de<br \/>\nresponsabilit\u00e9s pour les cadres et un net affaiblissement financier pour les agents de<br \/>\ncat\u00e9gorie C, rognant un peu plus le pouvoir d\u2019achat d\u2019une tr\u00e8s grande majorit\u00e9 des sapeurs<br \/>\npompiers professionnels.<br \/>\nAucun d\u00e9partement n\u2019a encore pu appliquer pleinement les textes et les discussions<br \/>\navancent avec beaucoup de difficult\u00e9s pour savoir comment mettre en oeuvre les mesures<br \/>\ntransitoires. Les membres locaux de nos syndicats SUD s\u2019impliquent pleinement dans ces<br \/>\nd\u00e9bats.<\/p>\n<p>Le communiqu\u00e9 dans son int\u00e9gralit\u00e9<\/p>\n<p><a href=\"https:\/\/www.sud-sdis84.fr\/wp-content\/uploads\/2012\/09\/lettre-a-manuel-valls-congres-amiens.pdf\">lettre a manuel valls congres amiens<\/a><\/p>\n<div class=\"trackable_sharing\"><div class=\"trackable_sharing_text\"><b>Partager avec<\/b><\/div><a href=\"http:\/\/www.facebook.com\/sharer.php?u=https%3A%2F%2Fwww.sud-sdis84.fr%2F%3Fp%3D477\" style=\"text-decoration: none; white-space: nowrap;\" title=\"Facebook\" target=\"_blank\" onclick=\"that=this;_gaq.push(['_trackEvent','SocialSharing','Facebook','https:\/\/www.sud-sdis84.fr\/?p=477']); _trackableshare_window = window.open(this.href,'share','menubar=0,resizable=1,width=500,height=350'); _trackableshare_window.focus(); return false;\"><img align=\"absmiddle\" src=\"https:\/\/www.sud-sdis84.fr\/wp-content\/plugins\/trackable-social-share-icons\/buttons\/1\/\/facebook.png\" alt=\"Facebook\" width=\"32\" height=\"32\"><\/a> <a href=\"http:\/\/twitter.com\/share?url=https%3A%2F%2Fwww.sud-sdis84.fr%2F%3Fp%3D477&text=Lettre+ouverte+au+Ministre+de+l%26%238217%3BInterieur+Manuel+VALLS\" style=\"text-decoration: none; white-space: nowrap;\" title=\"Twitter\" target=\"_blank\" onclick=\"that=this;_gaq.push(['_trackEvent','SocialSharing','Twitter','https:\/\/www.sud-sdis84.fr\/?p=477']); _trackableshare_window = window.open(this.href,'share','menubar=0,resizable=1,width=500,height=350'); _trackableshare_window.focus(); return false;\"><img align=\"absmiddle\" src=\"https:\/\/www.sud-sdis84.fr\/wp-content\/plugins\/trackable-social-share-icons\/buttons\/1\/\/twitter.png\" alt=\"Twitter\" width=\"32\" height=\"32\"><\/a> <a href=\"mailto:?subject=Check out https%3A%2F%2Fwww.sud-sdis84.fr%2F%3Fp%3D477\" style=\"text-decoration: none; white-space: nowrap;\" title=\"Email\" onclick=\"that=this;_gaq.push(['_trackEvent','SocialSharing','Email','https:\/\/www.sud-sdis84.fr\/?p=477']); \"><img align=\"absmiddle\" src=\"https:\/\/www.sud-sdis84.fr\/wp-content\/plugins\/trackable-social-share-icons\/buttons\/1\/\/email.png\" alt=\"Email\" width=\"32\" height=\"32\"><\/a> <\/div>","protected":false},"excerpt":{"rendered":"<p>&nbsp; &nbsp; Monsieur le Ministre de l\u2019Int\u00e9rieur La fin de l\u2019ann\u00e9e 2011 aura \u00e9t\u00e9 marqu\u00e9e par la col\u00e8re d\u2019un grand nombre de sapeurs pompiers professionnels en r\u00e9ponse \u00e0 la signature [&hellip;]<\/p>\n","protected":false},"author":1,"featured_media":0,"comment_status":"open","ping_status":"open","sticky":false,"template":"","format":"standard","meta":[],"categories":[1,16],"tags":[12,8,21,23,22,25],"_links":{"self":[{"href":"https:\/\/www.sud-sdis84.fr\/index.php?rest_route=\/wp\/v2\/posts\/477"}],"collection":[{"href":"https:\/\/www.sud-sdis84.fr\/index.php?rest_route=\/wp\/v2\/posts"}],"about":[{"href":"https:\/\/www.sud-sdis84.fr\/index.php?rest_route=\/wp\/v2\/types\/post"}],"author":[{"embeddable":true,"href":"https:\/\/www.sud-sdis84.fr\/index.php?rest_route=\/wp\/v2\/users\/1"}],"replies":[{"embeddable":true,"href":"https:\/\/www.sud-sdis84.fr\/index.php?rest_route=%2Fwp%2Fv2%2Fcomments&post=477"}],"version-history":[{"count":1,"href":"https:\/\/www.sud-sdis84.fr\/index.php?rest_route=\/wp\/v2\/posts\/477\/revisions"}],"predecessor-version":[{"id":479,"href":"https:\/\/www.sud-sdis84.fr\/index.php?rest_route=\/wp\/v2\/posts\/477\/revisions\/479"}],"wp:attachment":[{"href":"https:\/\/www.sud-sdis84.fr\/index.php?rest_route=%2Fwp%2Fv2%2Fmedia&parent=477"}],"wp:term":[{"taxonomy":"category","embeddable":true,"href":"https:\/\/www.sud-sdis84.fr\/index.php?rest_route=%2Fwp%2Fv2%2Fcategories&post=477"},{"taxonomy":"post_tag","embeddable":true,"href":"https:\/\/www.sud-sdis84.fr\/index.php?rest_route=%2Fwp%2Fv2%2Ftags&post=477"}],"curies":[{"name":"wp","href":"https:\/\/api.w.org\/{rel}","templated":true}]}}