{"id":482,"date":"2012-11-15T16:15:17","date_gmt":"2012-11-15T15:15:17","guid":{"rendered":"http:\/\/www.sud-sdis84.fr\/?p=482"},"modified":"2012-11-15T16:16:40","modified_gmt":"2012-11-15T15:16:40","slug":"sud-au-congres-national","status":"publish","type":"post","link":"https:\/\/www.sud-sdis84.fr\/?p=482","title":{"rendered":"SUD au Congr\u00e9s National"},"content":{"rendered":"<p><img decoding=\"async\" loading=\"lazy\" class=\"size-full wp-image-484 aligncenter\" title=\"logo_sdis2012\" src=\"https:\/\/www.sud-sdis84.fr\/wp-content\/uploads\/2012\/11\/logo_sdis2012.gif\" alt=\"\" width=\"174\" height=\"188\" \/><\/p>\n<h3><a href=\"http:\/\/www.sudsdis-national.fr\/wp-content\/uploads\/2012\/10\/rg.jpg\"><img decoding=\"async\" loading=\"lazy\" title=\"rg\" src=\"http:\/\/www.sudsdis-national.fr\/wp-content\/uploads\/2012\/10\/rg.jpg\" alt=\"\" width=\"79\" height=\"102\" \/><\/a>Voil\u00e0 plusieurs jours que les RG s\u2019inqui\u00e9taient de savoir si les syndicats pr\u00e9voyaient une vir\u00e9e \u00e0 Amiens \u00e0 l\u2019occasion de ce beau congr\u00e8s.<\/h3>\n<p>Mais bien s\u00fbr que l\u2019on avait pr\u00e9vu d\u2019y aller. NOTRE congr\u00e8s, NOTRE ministre, et puis quoi encore, on a pas le droit de le voir de pr\u00e8s nous ? Sous pr\u00e9texte qu\u2019on est des \u00ab\u00a0syndicalistes\u00a0\u00bb.<img decoding=\"async\" loading=\"lazy\" class=\"alignright size-full wp-image-486\" title=\"IMG_1399-150x150\" src=\"https:\/\/www.sud-sdis84.fr\/wp-content\/uploads\/2012\/11\/IMG_1399-150x150.jpg\" alt=\"\" width=\"150\" height=\"150\" \/><\/p>\n<p>Les huit mousquetaires, on \u00e9tait. Huit vaillants soldats du feu, pr\u00e8s \u00e0 remplir leur mission: d\u00e9livrer un courrier de la plus haute importante au \u00ab\u00a0premier pompier de France\u00a0\u00bb comme s\u2019est auto proclam\u00e9 le ministre VALLS.<\/p>\n<p><img decoding=\"async\" loading=\"lazy\" class=\"alignright\" title=\"120929152531361_29_000_apx_470_\" src=\"http:\/\/www.sudsdis-national.fr\/wp-content\/uploads\/2012\/10\/120929152531361_29_000_apx_470_.jpg\" alt=\"\" width=\"169\" height=\"109\" \/><\/p>\n<p>Nous avons donc un \u00ab\u00a0super chef\u00a0\u00bb, en plus il a re\u00e7u un casque en cadeau. D\u2019ailleurs, l\u2019a t-il pay\u00e9 ce casque ? Dans certains d\u00e9partements, l\u2019administration n\u2019h\u00e9site pas \u00e0 facturer ce genre de cadeau, m\u00eame apr\u00e8s un longue carri\u00e8re, m\u00eame en hommage \u00e0 un coll\u00e8gue mort au feu\u2026y\u2019a pas de petites \u00e9conomies.<\/p>\n<address><a title=\"sud au congr\u00e9s d'amiens\" href=\"http:\/\/www.sudsdis-national.fr\/actualites\/congres-fnspf-sud-present.html#more-5070\" target=\"_blank\">L&#8217;article dans l&#8217;int\u00e9gralit\u00e9 sur le site SUD national<\/a><\/address>\n<div class=\"trackable_sharing\"><div class=\"trackable_sharing_text\"><b>Partager avec<\/b><\/div><a href=\"http:\/\/www.facebook.com\/sharer.php?u=https%3A%2F%2Fwww.sud-sdis84.fr%2F%3Fp%3D482\" style=\"text-decoration: none; white-space: nowrap;\" title=\"Facebook\" target=\"_blank\" onclick=\"that=this;_gaq.push(['_trackEvent','SocialSharing','Facebook','https:\/\/www.sud-sdis84.fr\/?p=482']); _trackableshare_window = window.open(this.href,'share','menubar=0,resizable=1,width=500,height=350'); _trackableshare_window.focus(); return false;\"><img align=\"absmiddle\" src=\"https:\/\/www.sud-sdis84.fr\/wp-content\/plugins\/trackable-social-share-icons\/buttons\/1\/\/facebook.png\" alt=\"Facebook\" width=\"32\" height=\"32\"><\/a> <a href=\"http:\/\/twitter.com\/share?url=https%3A%2F%2Fwww.sud-sdis84.fr%2F%3Fp%3D482&text=SUD+au+Congr%C3%A9s+National\" style=\"text-decoration: none; white-space: nowrap;\" title=\"Twitter\" target=\"_blank\" onclick=\"that=this;_gaq.push(['_trackEvent','SocialSharing','Twitter','https:\/\/www.sud-sdis84.fr\/?p=482']); _trackableshare_window = window.open(this.href,'share','menubar=0,resizable=1,width=500,height=350'); _trackableshare_window.focus(); return false;\"><img align=\"absmiddle\" src=\"https:\/\/www.sud-sdis84.fr\/wp-content\/plugins\/trackable-social-share-icons\/buttons\/1\/\/twitter.png\" alt=\"Twitter\" width=\"32\" height=\"32\"><\/a> <a href=\"mailto:?subject=Check out https%3A%2F%2Fwww.sud-sdis84.fr%2F%3Fp%3D482\" style=\"text-decoration: none; white-space: nowrap;\" title=\"Email\" onclick=\"that=this;_gaq.push(['_trackEvent','SocialSharing','Email','https:\/\/www.sud-sdis84.fr\/?p=482']); \"><img align=\"absmiddle\" src=\"https:\/\/www.sud-sdis84.fr\/wp-content\/plugins\/trackable-social-share-icons\/buttons\/1\/\/email.png\" alt=\"Email\" width=\"32\" height=\"32\"><\/a> <\/div>","protected":false},"excerpt":{"rendered":"<p>Voil\u00e0 plusieurs jours que les RG s\u2019inqui\u00e9taient de savoir si les syndicats pr\u00e9voyaient une vir\u00e9e \u00e0 Amiens \u00e0 l\u2019occasion de ce beau congr\u00e8s. Mais bien s\u00fbr que l\u2019on avait pr\u00e9vu [&hellip;]<\/p>\n","protected":false},"author":1,"featured_media":0,"comment_status":"open","ping_status":"open","sticky":false,"template":"","format":"gallery","meta":[],"categories":[1,16],"tags":[26,29,25],"_links":{"self":[{"href":"https:\/\/www.sud-sdis84.fr\/index.php?rest_route=\/wp\/v2\/posts\/482"}],"collection":[{"href":"https:\/\/www.sud-sdis84.fr\/index.php?rest_route=\/wp\/v2\/posts"}],"about":[{"href":"https:\/\/www.sud-sdis84.fr\/index.php?rest_route=\/wp\/v2\/types\/post"}],"author":[{"embeddable":true,"href":"https:\/\/www.sud-sdis84.fr\/index.php?rest_route=\/wp\/v2\/users\/1"}],"replies":[{"embeddable":true,"href":"https:\/\/www.sud-sdis84.fr\/index.php?rest_route=%2Fwp%2Fv2%2Fcomments&post=482"}],"version-history":[{"count":4,"href":"https:\/\/www.sud-sdis84.fr\/index.php?rest_route=\/wp\/v2\/posts\/482\/revisions"}],"predecessor-version":[{"id":488,"href":"https:\/\/www.sud-sdis84.fr\/index.php?rest_route=\/wp\/v2\/posts\/482\/revisions\/488"}],"wp:attachment":[{"href":"https:\/\/www.sud-sdis84.fr\/index.php?rest_route=%2Fwp%2Fv2%2Fmedia&parent=482"}],"wp:term":[{"taxonomy":"category","embeddable":true,"href":"https:\/\/www.sud-sdis84.fr\/index.php?rest_route=%2Fwp%2Fv2%2Fcategories&post=482"},{"taxonomy":"post_tag","embeddable":true,"href":"https:\/\/www.sud-sdis84.fr\/index.php?rest_route=%2Fwp%2Fv2%2Ftags&post=482"}],"curies":[{"name":"wp","href":"https:\/\/api.w.org\/{rel}","templated":true}]}}