{"id":489,"date":"2012-11-15T16:42:28","date_gmt":"2012-11-15T15:42:28","guid":{"rendered":"http:\/\/www.sud-sdis84.fr\/?p=489"},"modified":"2012-11-15T16:42:28","modified_gmt":"2012-11-15T15:42:28","slug":"le-bureau-national-sud-a-nevers-58","status":"publish","type":"post","link":"https:\/\/www.sud-sdis84.fr\/?p=489","title":{"rendered":"Le Bureau National Sud \u00e0 Nevers (58)"},"content":{"rendered":"<p><img decoding=\"async\" loading=\"lazy\" class=\"alignleft size-full wp-image-490\" title=\"sdis58\" src=\"https:\/\/www.sud-sdis84.fr\/wp-content\/uploads\/2012\/11\/sdis58.jpg\" alt=\"\" width=\"200\" height=\"200\" srcset=\"https:\/\/www.sud-sdis84.fr\/wp-content\/uploads\/2012\/11\/sdis58.jpg 200w, https:\/\/www.sud-sdis84.fr\/wp-content\/uploads\/2012\/11\/sdis58-150x150.jpg 150w\" sizes=\"(max-width: 200px) 100vw, 200px\" \/><\/p>\n<p>&nbsp;<\/p>\n<p>Les 15 et 16 novembre 2012, le bureau national SUD SDIS se r\u00e9unit \u00e0 Nevers dans la Ni\u00e8vre (58).<\/p>\n<p>&nbsp;<\/p>\n<p>&nbsp;<\/p>\n<p>Ordre du jour :<\/p>\n<ul>\n<li>Fili\u00e8re avec strat\u00e9gie nationale (avanc\u00e9es par d\u00e9partement, intersyndicale nationale &#8230;)<\/li>\n<li>Modalit\u00e9s de gr\u00e8ves<\/li>\n<li>Le point sur les textes pour les PATS et corr\u00e9lation avec la PFR applicable \u00e0 toute la FP(\u00e9valuation, notation)<\/li>\n<li>Solidaires (<em>cotisations, participation commissions fonction publique, r\u00e9unions minist\u00e8re fonction publique<\/em>)<\/li>\n<li>Participation de \u00ab\u00a0Solidaires national\u00a0\u00bb \u00e0 la prochaine r\u00e9union nationale Sud<\/li>\n<li>SdisTr\u00e9sorerie (<em>\u00e9tat cotisations, syndiqu\u00e9s, point d\u00e9penses recettes<\/em>)<\/li>\n<\/ul>\n<div class=\"trackable_sharing\"><div class=\"trackable_sharing_text\"><b>Partager avec<\/b><\/div><a href=\"http:\/\/www.facebook.com\/sharer.php?u=https%3A%2F%2Fwww.sud-sdis84.fr%2F%3Fp%3D489\" style=\"text-decoration: none; white-space: nowrap;\" title=\"Facebook\" target=\"_blank\" onclick=\"that=this;_gaq.push(['_trackEvent','SocialSharing','Facebook','https:\/\/www.sud-sdis84.fr\/?p=489']); _trackableshare_window = window.open(this.href,'share','menubar=0,resizable=1,width=500,height=350'); _trackableshare_window.focus(); return false;\"><img align=\"absmiddle\" src=\"https:\/\/www.sud-sdis84.fr\/wp-content\/plugins\/trackable-social-share-icons\/buttons\/1\/\/facebook.png\" alt=\"Facebook\" width=\"32\" height=\"32\"><\/a> <a href=\"http:\/\/twitter.com\/share?url=https%3A%2F%2Fwww.sud-sdis84.fr%2F%3Fp%3D489&text=Le+Bureau+National+Sud+%C3%A0+Nevers+%2858%29\" style=\"text-decoration: none; white-space: nowrap;\" title=\"Twitter\" target=\"_blank\" onclick=\"that=this;_gaq.push(['_trackEvent','SocialSharing','Twitter','https:\/\/www.sud-sdis84.fr\/?p=489']); _trackableshare_window = window.open(this.href,'share','menubar=0,resizable=1,width=500,height=350'); _trackableshare_window.focus(); return false;\"><img align=\"absmiddle\" src=\"https:\/\/www.sud-sdis84.fr\/wp-content\/plugins\/trackable-social-share-icons\/buttons\/1\/\/twitter.png\" alt=\"Twitter\" width=\"32\" height=\"32\"><\/a> <a href=\"mailto:?subject=Check out https%3A%2F%2Fwww.sud-sdis84.fr%2F%3Fp%3D489\" style=\"text-decoration: none; white-space: nowrap;\" title=\"Email\" onclick=\"that=this;_gaq.push(['_trackEvent','SocialSharing','Email','https:\/\/www.sud-sdis84.fr\/?p=489']); \"><img align=\"absmiddle\" src=\"https:\/\/www.sud-sdis84.fr\/wp-content\/plugins\/trackable-social-share-icons\/buttons\/1\/\/email.png\" alt=\"Email\" width=\"32\" height=\"32\"><\/a> <\/div>","protected":false},"excerpt":{"rendered":"<p>&nbsp; Les 15 et 16 novembre 2012, le bureau national SUD SDIS se r\u00e9unit \u00e0 Nevers dans la Ni\u00e8vre (58). &nbsp; &nbsp; Ordre du jour : Fili\u00e8re avec strat\u00e9gie nationale [&hellip;]<\/p>\n","protected":false},"author":1,"featured_media":0,"comment_status":"open","ping_status":"open","sticky":false,"template":"","format":"gallery","meta":[],"categories":[16,4],"tags":[12,6,13,14,29,25],"_links":{"self":[{"href":"https:\/\/www.sud-sdis84.fr\/index.php?rest_route=\/wp\/v2\/posts\/489"}],"collection":[{"href":"https:\/\/www.sud-sdis84.fr\/index.php?rest_route=\/wp\/v2\/posts"}],"about":[{"href":"https:\/\/www.sud-sdis84.fr\/index.php?rest_route=\/wp\/v2\/types\/post"}],"author":[{"embeddable":true,"href":"https:\/\/www.sud-sdis84.fr\/index.php?rest_route=\/wp\/v2\/users\/1"}],"replies":[{"embeddable":true,"href":"https:\/\/www.sud-sdis84.fr\/index.php?rest_route=%2Fwp%2Fv2%2Fcomments&post=489"}],"version-history":[{"count":2,"href":"https:\/\/www.sud-sdis84.fr\/index.php?rest_route=\/wp\/v2\/posts\/489\/revisions"}],"predecessor-version":[{"id":492,"href":"https:\/\/www.sud-sdis84.fr\/index.php?rest_route=\/wp\/v2\/posts\/489\/revisions\/492"}],"wp:attachment":[{"href":"https:\/\/www.sud-sdis84.fr\/index.php?rest_route=%2Fwp%2Fv2%2Fmedia&parent=489"}],"wp:term":[{"taxonomy":"category","embeddable":true,"href":"https:\/\/www.sud-sdis84.fr\/index.php?rest_route=%2Fwp%2Fv2%2Fcategories&post=489"},{"taxonomy":"post_tag","embeddable":true,"href":"https:\/\/www.sud-sdis84.fr\/index.php?rest_route=%2Fwp%2Fv2%2Ftags&post=489"}],"curies":[{"name":"wp","href":"https:\/\/api.w.org\/{rel}","templated":true}]}}