{"id":634,"date":"2012-12-12T17:28:48","date_gmt":"2012-12-12T16:28:48","guid":{"rendered":"http:\/\/www.sud-sdis84.fr\/?p=634"},"modified":"2012-12-18T17:30:46","modified_gmt":"2012-12-18T16:30:46","slug":"le-temps-de-travail-et-leurope","status":"publish","type":"post","link":"https:\/\/www.sud-sdis84.fr\/?p=634","title":{"rendered":"Le temps de Travail et l&#8217;Europe"},"content":{"rendered":"<h5><a href=\"https:\/\/www.sud-sdis84.fr\/wp-content\/uploads\/2012\/12\/europe.jpeg\"><img decoding=\"async\" loading=\"lazy\" class=\"alignleft size-full wp-image-635\" alt=\"europe\" src=\"https:\/\/www.sud-sdis84.fr\/wp-content\/uploads\/2012\/12\/europe.jpeg\" width=\"105\" height=\"90\" \/><\/a>Ca\u00a0y est, c\u2019est fait, la France a \u00e9t\u00e9 mise en demeure de respecter le Droit Europ\u00e9en en mati\u00e8re de temps de travail des sapeurs pompiers professionnels.En effet, la France ne respecte pas la directive 2003\/88 qui fixe des <strong>prescriptions minimales de s\u00e9curit\u00e9 et de sant\u00e9<\/strong> en mati\u00e8re d\u2019am\u00e9nagement du temps de travail<\/h5>\n<h5>Trois dispositions du d\u00e9cret SPP sur le temps de travail ont \u00e9t\u00e9 d\u00e9clar\u00e9es non conforme par la Commission Europ\u00e9enne\u00a0 (source CNIS) :<\/h5>\n<ul>\n<li>\n<h5><em><span style=\"color: #0000ff;\">L\u2019annualisation des heures pr\u00e9vues \u00e0 l\u2019article 4 du d\u00e9cret<\/span><\/em><\/h5>\n<\/li>\n<li>\n<h5><em><span style=\"color: #0000ff;\">Le plafond maximum de 2400 heures annuelles de l\u2019article 4 du d\u00e9cret<\/span><\/em><\/h5>\n<\/li>\n<li>\n<h5><em><span style=\"color: #0000ff;\">La d\u00e9rogation de l\u2019article 5 du d\u00e9cret, en ce qu\u2019elle autorise \u00e0 d\u00e9passer le plafond de 2400 heures (et pas en ce qu\u2019elle permet une majoration du temps de travail \u2013 NDLR)<\/span><\/em><\/h5>\n<\/li>\n<\/ul>\n<h5>L\u2019Europe a \u00e9galement rappel\u00e9 que\u00a0 &#8220;<em>Toutes les heures durant lesquelles il est demand\u00e9 au travailleur de rester sur le lieu de travail afin de servir son employeur doivent \u00eatre comptabilis\u00e9es en tant que temps de travail aux sens de l\u2019article 6 de la directive&#8221;<\/em> .<\/h5>\n<h2 style=\"text-align: center;\"><span style=\"color: #ff0000;\">C\u2019est donc la fin des \u00e9quivalences et NON des G24H<\/span><\/h2>\n<h5><strong><strong>Qu\u2019en est-il du temps de travail annuel des SPP ?<\/strong><\/strong><\/h5>\n<h5>\u00a0<strong>1 607 h<\/strong> : Le temps de travail, en France, pour la fonction publique est de 1607 heures, sans pr\u00e9judice des heures suppl\u00e9mentaires. C\u2019est donc ce chiffre qui devrait \u00eatre le prochain temps de travail annuel pour tous les SPP, hors heures suppl\u00e9mentaires, \u00e0 la r\u00e9vision du d\u00e9cret.<\/h5>\n<h5><strong>2 304\u00a0h<\/strong> : L\u2019europe fixe un maximum de 48 h par tranche de 7 jours et indique qu\u2019il s\u2019agit d\u2019une moyenne si une p\u00e9riode de r\u00e9f\u00e9rence, inf\u00e9rieure \u00e0 3 mois, est fix\u00e9e. Elle indique \u00e9galement que les cong\u00e9s annuels sont au minimum de 4 semaines. 48 X 48 est donc le maximum autoris\u00e9 par l\u2019Europe pour le temps de travail annuel y compris les heures suppl\u00e9mentaires.<\/h5>\n<h5><strong>2 256 h<\/strong> : En France les cong\u00e9s annuels sont de 5 semaines au minimum. 47 X 48 est donc le maximum comprenant les heures suppl\u00e9mentaires, en combinaison du temps de travail maximum autoris\u00e9 par l\u2019Europe pour le temps de travail annuel et de la r\u00e8glementation fran\u00e7aise sur les cong\u00e9s annuels.<\/h5>\n<h5><strong>2 068 h<\/strong> : En france, dans la fonction publique d\u2019Etat et Territoriale une p\u00e9riode de r\u00e9f\u00e9rence de 12 semaine est fix\u00e9e, au cours de laquelle, la moyenne par 7 jours ne peut pas ex\u00e9der 44 h. 47 X 44 est donc, en l\u2019\u00e9tat de la r\u00e8glementation actuelle et de la mise en demeure de l\u2019Europe, le prochain temps de travail annuel maximum int\u00e9grant les heures suppl\u00e9mentaires, pour les SPP.<\/h5>\n<p>communication de la CNIS sur le temps de travail des SPP :<a href=\"https:\/\/www.sud-sdis84.fr\/wp-content\/uploads\/2012\/12\/2012-12-12-CNIS-communication.pdf\" target=\"_blank\"> 2012-12-12-CNIS-communication<\/a><\/p>\n<p><a title=\"http:\/\/www.sudsdis-national.fr\/actualites\/la-france-pointee-du-doigt-par-leurope.html\" href=\"http:\/\/www.sudsdis-national.fr\/actualites\/la-france-pointee-du-doigt-par-leurope.html\" target=\"_blank\">Article complet sur le site de sudsdisnational<\/a><\/p>\n<p>&nbsp;<\/p>\n<div class=\"trackable_sharing\"><div class=\"trackable_sharing_text\"><b>Partager avec<\/b><\/div><a href=\"http:\/\/www.facebook.com\/sharer.php?u=https%3A%2F%2Fwww.sud-sdis84.fr%2F%3Fp%3D634\" style=\"text-decoration: none; white-space: nowrap;\" title=\"Facebook\" target=\"_blank\" onclick=\"that=this;_gaq.push(['_trackEvent','SocialSharing','Facebook','https:\/\/www.sud-sdis84.fr\/?p=634']); _trackableshare_window = window.open(this.href,'share','menubar=0,resizable=1,width=500,height=350'); _trackableshare_window.focus(); return false;\"><img align=\"absmiddle\" src=\"https:\/\/www.sud-sdis84.fr\/wp-content\/plugins\/trackable-social-share-icons\/buttons\/1\/\/facebook.png\" alt=\"Facebook\" width=\"32\" height=\"32\"><\/a> <a href=\"http:\/\/twitter.com\/share?url=https%3A%2F%2Fwww.sud-sdis84.fr%2F%3Fp%3D634&text=Le+temps+de+Travail+et+l%26%238217%3BEurope\" style=\"text-decoration: none; white-space: nowrap;\" title=\"Twitter\" target=\"_blank\" onclick=\"that=this;_gaq.push(['_trackEvent','SocialSharing','Twitter','https:\/\/www.sud-sdis84.fr\/?p=634']); _trackableshare_window = window.open(this.href,'share','menubar=0,resizable=1,width=500,height=350'); _trackableshare_window.focus(); return false;\"><img align=\"absmiddle\" src=\"https:\/\/www.sud-sdis84.fr\/wp-content\/plugins\/trackable-social-share-icons\/buttons\/1\/\/twitter.png\" alt=\"Twitter\" width=\"32\" height=\"32\"><\/a> <a href=\"mailto:?subject=Check out https%3A%2F%2Fwww.sud-sdis84.fr%2F%3Fp%3D634\" style=\"text-decoration: none; white-space: nowrap;\" title=\"Email\" onclick=\"that=this;_gaq.push(['_trackEvent','SocialSharing','Email','https:\/\/www.sud-sdis84.fr\/?p=634']); \"><img align=\"absmiddle\" src=\"https:\/\/www.sud-sdis84.fr\/wp-content\/plugins\/trackable-social-share-icons\/buttons\/1\/\/email.png\" alt=\"Email\" width=\"32\" height=\"32\"><\/a> <\/div>","protected":false},"excerpt":{"rendered":"<p>Ca\u00a0y est, c\u2019est fait, la France a \u00e9t\u00e9 mise en demeure de respecter le Droit Europ\u00e9en en mati\u00e8re de temps de travail des sapeurs pompiers professionnels.En effet, la France ne [&hellip;]<\/p>\n","protected":false},"author":1,"featured_media":0,"comment_status":"open","ping_status":"open","sticky":false,"template":"","format":"standard","meta":[],"categories":[1],"tags":[],"_links":{"self":[{"href":"https:\/\/www.sud-sdis84.fr\/index.php?rest_route=\/wp\/v2\/posts\/634"}],"collection":[{"href":"https:\/\/www.sud-sdis84.fr\/index.php?rest_route=\/wp\/v2\/posts"}],"about":[{"href":"https:\/\/www.sud-sdis84.fr\/index.php?rest_route=\/wp\/v2\/types\/post"}],"author":[{"embeddable":true,"href":"https:\/\/www.sud-sdis84.fr\/index.php?rest_route=\/wp\/v2\/users\/1"}],"replies":[{"embeddable":true,"href":"https:\/\/www.sud-sdis84.fr\/index.php?rest_route=%2Fwp%2Fv2%2Fcomments&post=634"}],"version-history":[{"count":7,"href":"https:\/\/www.sud-sdis84.fr\/index.php?rest_route=\/wp\/v2\/posts\/634\/revisions"}],"predecessor-version":[{"id":643,"href":"https:\/\/www.sud-sdis84.fr\/index.php?rest_route=\/wp\/v2\/posts\/634\/revisions\/643"}],"wp:attachment":[{"href":"https:\/\/www.sud-sdis84.fr\/index.php?rest_route=%2Fwp%2Fv2%2Fmedia&parent=634"}],"wp:term":[{"taxonomy":"category","embeddable":true,"href":"https:\/\/www.sud-sdis84.fr\/index.php?rest_route=%2Fwp%2Fv2%2Fcategories&post=634"},{"taxonomy":"post_tag","embeddable":true,"href":"https:\/\/www.sud-sdis84.fr\/index.php?rest_route=%2Fwp%2Fv2%2Ftags&post=634"}],"curies":[{"name":"wp","href":"https:\/\/api.w.org\/{rel}","templated":true}]}}