{"id":646,"date":"2012-12-22T17:02:01","date_gmt":"2012-12-22T16:02:01","guid":{"rendered":"http:\/\/www.sud-sdis84.fr\/?p=646"},"modified":"2012-12-22T17:02:44","modified_gmt":"2012-12-22T16:02:44","slug":"un-delegation-des-sp-de-bollene-manifestent-devant-la-mairie-de-lapalud","status":"publish","type":"post","link":"https:\/\/www.sud-sdis84.fr\/?p=646","title":{"rendered":"Un d\u00e9l\u00e9gation des SP de Boll\u00e8ne manifestent devant la mairie de LAPALUD"},"content":{"rendered":"<h5>\u00a0Apr\u00e8s l&#8217;annonce d&#8217;une pr\u00e9vision de<span style=\"color: #0000ff;\"> suppression de 5 Postes de sapeurs-pompiers professionnels,<\/span> dans le cadre de la refonte du r\u00e8glement op\u00e9rationnel, au sein du CS Bollene, une D\u00e9l\u00e9gation du personnel de ce CS a tent\u00e9 de rencontrer <strong>MR Lambertin maire de LAPALUD<\/strong> (commune d\u00e9fendue par le CS Bollene) mais aussi Pr\u00e9sident du CASDIS,\u00a0 vice pr\u00e9sident du conseil g\u00e9n\u00e9ral, pr\u00e9sident des maires de Vaucluse et pr\u00e9sident de l\u2019intercommunalit\u00e9 du Pays Boll\u00e8nnois.<\/h5>\n<p><strong>L\u2019espoir de dialogue est rest\u00e9 vain&#8230;.<\/strong><\/p>\n<h5><a href=\"https:\/\/www.sud-sdis84.fr\/wp-content\/uploads\/2012\/12\/RO-vaucluse-matin-21122012.jpg\"><img decoding=\"async\" loading=\"lazy\" class=\"alignleft size-full wp-image-651\" alt=\"RO-vaucluse-matin-21122012\" src=\"https:\/\/www.sud-sdis84.fr\/wp-content\/uploads\/2012\/12\/RO-vaucluse-matin-21122012.jpg\" width=\"1240\" height=\"811\" srcset=\"https:\/\/www.sud-sdis84.fr\/wp-content\/uploads\/2012\/12\/RO-vaucluse-matin-21122012.jpg 1240w, https:\/\/www.sud-sdis84.fr\/wp-content\/uploads\/2012\/12\/RO-vaucluse-matin-21122012-300x196.jpg 300w, https:\/\/www.sud-sdis84.fr\/wp-content\/uploads\/2012\/12\/RO-vaucluse-matin-21122012-600x392.jpg 600w\" sizes=\"(max-width: 1240px) 100vw, 1240px\" \/><\/a> <a href=\"https:\/\/www.sud-sdis84.fr\/wp-content\/uploads\/2012\/12\/RO-la-provence-21122012.jpg\"><img decoding=\"async\" loading=\"lazy\" class=\"alignnone size-full wp-image-650\" alt=\"RO-la-provence-21122012\" src=\"https:\/\/www.sud-sdis84.fr\/wp-content\/uploads\/2012\/12\/RO-la-provence-21122012.jpg\" width=\"981\" height=\"1713\" srcset=\"https:\/\/www.sud-sdis84.fr\/wp-content\/uploads\/2012\/12\/RO-la-provence-21122012.jpg 981w, https:\/\/www.sud-sdis84.fr\/wp-content\/uploads\/2012\/12\/RO-la-provence-21122012-171x300.jpg 171w, https:\/\/www.sud-sdis84.fr\/wp-content\/uploads\/2012\/12\/RO-la-provence-21122012-343x600.jpg 343w\" sizes=\"(max-width: 981px) 100vw, 981px\" \/><\/a><\/h5>\n<div class=\"trackable_sharing\"><div class=\"trackable_sharing_text\"><b>Partager avec<\/b><\/div><a href=\"http:\/\/www.facebook.com\/sharer.php?u=https%3A%2F%2Fwww.sud-sdis84.fr%2F%3Fp%3D646\" style=\"text-decoration: none; white-space: nowrap;\" title=\"Facebook\" target=\"_blank\" onclick=\"that=this;_gaq.push(['_trackEvent','SocialSharing','Facebook','https:\/\/www.sud-sdis84.fr\/?p=646']); _trackableshare_window = window.open(this.href,'share','menubar=0,resizable=1,width=500,height=350'); _trackableshare_window.focus(); return false;\"><img align=\"absmiddle\" src=\"https:\/\/www.sud-sdis84.fr\/wp-content\/plugins\/trackable-social-share-icons\/buttons\/1\/\/facebook.png\" alt=\"Facebook\" width=\"32\" height=\"32\"><\/a> <a href=\"http:\/\/twitter.com\/share?url=https%3A%2F%2Fwww.sud-sdis84.fr%2F%3Fp%3D646&text=Un+d%C3%A9l%C3%A9gation+des+SP+de+Boll%C3%A8ne+manifestent+devant+la+mairie+de+LAPALUD\" style=\"text-decoration: none; white-space: nowrap;\" title=\"Twitter\" target=\"_blank\" onclick=\"that=this;_gaq.push(['_trackEvent','SocialSharing','Twitter','https:\/\/www.sud-sdis84.fr\/?p=646']); _trackableshare_window = window.open(this.href,'share','menubar=0,resizable=1,width=500,height=350'); _trackableshare_window.focus(); return false;\"><img align=\"absmiddle\" src=\"https:\/\/www.sud-sdis84.fr\/wp-content\/plugins\/trackable-social-share-icons\/buttons\/1\/\/twitter.png\" alt=\"Twitter\" width=\"32\" height=\"32\"><\/a> <a href=\"mailto:?subject=Check out https%3A%2F%2Fwww.sud-sdis84.fr%2F%3Fp%3D646\" style=\"text-decoration: none; white-space: nowrap;\" title=\"Email\" onclick=\"that=this;_gaq.push(['_trackEvent','SocialSharing','Email','https:\/\/www.sud-sdis84.fr\/?p=646']); \"><img align=\"absmiddle\" src=\"https:\/\/www.sud-sdis84.fr\/wp-content\/plugins\/trackable-social-share-icons\/buttons\/1\/\/email.png\" alt=\"Email\" width=\"32\" height=\"32\"><\/a> <\/div>","protected":false},"excerpt":{"rendered":"<p>\u00a0Apr\u00e8s l&#8217;annonce d&#8217;une pr\u00e9vision de suppression de 5 Postes de sapeurs-pompiers professionnels, dans le cadre de la refonte du r\u00e8glement op\u00e9rationnel, au sein du CS Bollene, une D\u00e9l\u00e9gation du personnel [&hellip;]<\/p>\n","protected":false},"author":1,"featured_media":0,"comment_status":"open","ping_status":"open","sticky":false,"template":"","format":"standard","meta":[],"categories":[4],"tags":[6,14,22,36],"_links":{"self":[{"href":"https:\/\/www.sud-sdis84.fr\/index.php?rest_route=\/wp\/v2\/posts\/646"}],"collection":[{"href":"https:\/\/www.sud-sdis84.fr\/index.php?rest_route=\/wp\/v2\/posts"}],"about":[{"href":"https:\/\/www.sud-sdis84.fr\/index.php?rest_route=\/wp\/v2\/types\/post"}],"author":[{"embeddable":true,"href":"https:\/\/www.sud-sdis84.fr\/index.php?rest_route=\/wp\/v2\/users\/1"}],"replies":[{"embeddable":true,"href":"https:\/\/www.sud-sdis84.fr\/index.php?rest_route=%2Fwp%2Fv2%2Fcomments&post=646"}],"version-history":[{"count":4,"href":"https:\/\/www.sud-sdis84.fr\/index.php?rest_route=\/wp\/v2\/posts\/646\/revisions"}],"predecessor-version":[{"id":655,"href":"https:\/\/www.sud-sdis84.fr\/index.php?rest_route=\/wp\/v2\/posts\/646\/revisions\/655"}],"wp:attachment":[{"href":"https:\/\/www.sud-sdis84.fr\/index.php?rest_route=%2Fwp%2Fv2%2Fmedia&parent=646"}],"wp:term":[{"taxonomy":"category","embeddable":true,"href":"https:\/\/www.sud-sdis84.fr\/index.php?rest_route=%2Fwp%2Fv2%2Fcategories&post=646"},{"taxonomy":"post_tag","embeddable":true,"href":"https:\/\/www.sud-sdis84.fr\/index.php?rest_route=%2Fwp%2Fv2%2Ftags&post=646"}],"curies":[{"name":"wp","href":"https:\/\/api.w.org\/{rel}","templated":true}]}}