{"id":729,"date":"2013-01-17T14:53:00","date_gmt":"2013-01-17T13:53:00","guid":{"rendered":"http:\/\/www.sud-sdis84.fr\/?p=729"},"modified":"2013-01-19T14:52:17","modified_gmt":"2013-01-19T13:52:17","slug":"temps-de-travail-suite-courrier-de-la-dgscgc","status":"publish","type":"post","link":"https:\/\/www.sud-sdis84.fr\/?p=729","title":{"rendered":"Temps de Travail suite &#8230;courrier de la dgscgc"},"content":{"rendered":"<p>Le 27 d\u00e9cembre 2012, jean-paul KIHL pr\u00e9fet directeur g\u00e9n\u00e9ral de la s\u00e9curit\u00e9 civile et de la gestion des crises envoyait un courrier aux pr\u00e9sidents de CASDIS pour pr\u00e9senter les 3 points d\u00e9clar\u00e9s non conforme par la commission europ\u00e9enne au sujet du temps de travail<\/p>\n<p><strong><span style=\"text-decoration: underline;\"><span style=\"color: #ff0000; text-decoration: underline;\">un des 3 points :<\/span><\/span><\/strong><\/p>\n<p><strong><span style=\"color: #000000;\">l&#8217;annualisation <\/span><\/strong>: en r\u00e9f\u00e9rence aux articles 17-3-c et 19 1er alin\u00e9a du la <a href=\"https:\/\/www.sud-sdis84.fr\/wp-content\/uploads\/2013\/01\/directive-2003-88-ce-du-4-12-2003-temps-de-travail.pdf\">directive 2003-88-ce du 4-12-2003 temps de travail <\/a>la p\u00e9riode de r\u00e9f\u00e9rence du temps de travail devra \u00eatre calcul\u00e9e \u00e0 minima sur 4 mois et au maximum avec d\u00e9rogation sur 6 mois avec un temps de travail effectif maximum de 2 x 1128 heures. soit 2256 heures<\/p>\n<p>2256 heures c&#8217;est 656 heures en + des 1600 heures que l&#8217;on doit faire<\/p>\n<p>que dit la loi sur les heures sup :<\/p>\n<table style=\"width: 100%;\" border=\"0\" cellspacing=\"0\" cellpadding=\"0\">\n<tbody>\n<tr>\n<td>\n<address>Votre employeur peut vous demander de travailler au-del\u00e0 de la dur\u00e9e l\u00e9gale de 35 heures par semaine. Les heures que vous effectuerez seront alors des heures suppl\u00e9mentaires qui ouvrent droit \u00e0 certains avantages et dont le volume est limit\u00e9.<\/address>\n<\/td>\n<\/tr>\n<tr>\n<td>\n<address id=\"fiche-description\">L&#8217;utilisation des heures suppl\u00e9mentaires : le contingent d&#8217;heures<br \/>\n<span style=\"color: #ff0000;\"><strong>L&#8217;employeur a droit \u00e0 un contingent de 220 heures suppl\u00e9mentaires par an et par salari\u00e9 (depuis un d\u00e9cret du 21 d\u00e9cembre 2004 relevant de 180 \u00e0 220 heures le contingent d&#8217;heures suppl\u00e9mentaires). Dans cette limite, il peut utiliser librement les heures suppl\u00e9mentaires. Il doit n\u00e9anmoins en informer l&#8217;inspecteur du travail. De son c\u00f4t\u00e9, le salari\u00e9 ne peut pas refuser d&#8217;effectuer ces heures.<\/strong><\/span><span style=\"color: #ff0000;\">ATTENTION : le contingent peut toutefois \u00eatre r\u00e9duit ou augment\u00e9 par convention ou accord collectif.<\/span>Au-del\u00e0 du contingent annuel r\u00e9glementaire ou conventionnel, les heures suppl\u00e9mentaires ne peuvent \u00eatre effectu\u00e9es qu&#8217;apr\u00e8s consultation des repr\u00e9sentants du personnel et autorisation de l&#8217;inspecteur du travail. A d\u00e9faut de r\u00e9ponse de l&#8217;inspecteur du travail dans les 15 jours suivant le d\u00e9p\u00f4t de la demande, l&#8217;autorisation est r\u00e9put\u00e9e accord\u00e9e. Si l&#8217;autorisation est donn\u00e9e \u00e0 l&#8217;employeur, le salari\u00e9 ne peut pas refuser d&#8217;effectuer les heures suppl\u00e9mentaires.La r\u00e9partition des heures suppl\u00e9mentaires : la dur\u00e9e maximale de travail<br \/>\nEffectuer des heures suppl\u00e9mentaires ne doit pas aboutir \u00e0 d\u00e9passer les dur\u00e9es maximales du travail fix\u00e9es \u00e0 10 heures par jour et 48 heures par semaine ou 44\u00a0heures en moyenne par semaine sur une p\u00e9riode de 12 semaines cons\u00e9cutives. Ainsi, si vous travaillez huit heures tel jour, vous ne pourrez pas effectuer plus de deux heures suppl\u00e9mentaires. De m\u00eame, vous ne pouvez pas faire plus de 13\u00a0heures suppl\u00e9mentaires en une seule semaine.Comment les heures suppl\u00e9mentaires sont-elles pay\u00e9es ?<br \/>\nLa majoration de salaire<br \/>\nLes heures suppl\u00e9mentaires ouvrent droit \u00e0 une majoration de salaire, fix\u00e9e par voie de convention ou d&#8217;accord collectif. Le taux de majoration conventionnel ne peut \u00eatre inf\u00e9rieur \u00e0 10 %. En l&#8217;absence de convention ou d&#8217;accord, ce sont les taux l\u00e9gaux qui s&#8217;appliquent. D\u00e8s lors, les heures suppl\u00e9mentaires sont major\u00e9es de :<br \/>\n&#8211; 25 % pour les huit premi\u00e8res heures (soit de la 36\u00e8me \u00e0 la 43\u00e8me heure incluse) ;<br \/>\n&#8211; 50 % pour les heures suivantes (\u00e0 partir de la 44\u00e8me heure)<br \/>\n.Le repos compensateur<br \/>\nLe salari\u00e9 qui effectue des heures suppl\u00e9mentaires a droit, en fonction de la taille de l&#8217;entreprise, \u00e0 un <strong><a href=\"http:\/\/www.journaldunet.com\/management\/pratique\/conges\/1724\/le-repos-compensateur-obligatoire.html\" target=\"_blank\"><strong>repos compensateur<\/strong><\/a><\/strong> en plus de la majoration de salaire.Pour les entreprises de plus de 20 salari\u00e9s, les heures suppl\u00e9mentaires effectu\u00e9es au-del\u00e0 de 41 heure par semaine, \u00e0 l&#8217;int\u00e9rieur du contingent d&#8217;heures, ouvrent droit \u00e0 un repos compensateur de 50% du temps de travail accompli en heures suppl\u00e9mentaires. Ainsi, une heure de travail en plus donne droit \u00e0 une demi-heure de repos. De plus, les heures suppl\u00e9mentaires effectu\u00e9es au-del\u00e0 du contingent d&#8217;heures (\u00e0 partir de la 221\u00e8me heure) ouvrent droit \u00e0 un repos de 100% du temps de travail. Ainsi, une heure de travail en plus donne droit \u00e0 une heure de repos.<\/p>\n<p>Pour les entreprises de moins de 20 salari\u00e9s, seules les heures accomplies au-del\u00e0 du contingent d&#8217;heures suppl\u00e9mentaires sont compens\u00e9es par un repos. La dur\u00e9e du repos est de 50% des heures suppl\u00e9mentaires effectu\u00e9es.<\/p>\n<\/address>\n<\/td>\n<\/tr>\n<\/tbody>\n<\/table>\n<p>Lien vers le site du minist\u00e8re du travail pour les heures sup : <a title=\"http:\/\/travail-emploi.gouv.fr\/informations-pratiques,89\/fiches-pratiques,91\/duree-du-travail,129\/les-heures-supplementaires,1014.html\" href=\"http:\/\/travail-emploi.gouv.fr\/informations-pratiques,89\/fiches-pratiques,91\/duree-du-travail,129\/les-heures-supplementaires,1014.html\" target=\"_blank\">heures suppl\u00e9mentaires<\/a><\/p>\n<p><strong>la date d&#8217;entr\u00e9e en vigueur de ce d\u00e9cret sera fix\u00e9 au 1er janvier 2014 pour les non log\u00e9s et 1er janvier 2015 pour les log\u00e9s<\/strong><\/p>\n<p>Le courrier envoy\u00e9 <a href=\"https:\/\/www.sud-sdis84.fr\/wp-content\/uploads\/2013\/01\/Lettre-PCASDIS-homme-Enqu\u00eate-temps-de-travail.pdf\">Lettre PCASDIS homme &#8211; Enqu\u00eate temps de travail<\/a><\/p>\n<p>&nbsp;<\/p>\n<div class=\"trackable_sharing\"><div class=\"trackable_sharing_text\"><b>Partager avec<\/b><\/div><a href=\"http:\/\/www.facebook.com\/sharer.php?u=https%3A%2F%2Fwww.sud-sdis84.fr%2F%3Fp%3D729\" style=\"text-decoration: none; white-space: nowrap;\" title=\"Facebook\" target=\"_blank\" onclick=\"that=this;_gaq.push(['_trackEvent','SocialSharing','Facebook','https:\/\/www.sud-sdis84.fr\/?p=729']); _trackableshare_window = window.open(this.href,'share','menubar=0,resizable=1,width=500,height=350'); _trackableshare_window.focus(); return false;\"><img align=\"absmiddle\" src=\"https:\/\/www.sud-sdis84.fr\/wp-content\/plugins\/trackable-social-share-icons\/buttons\/1\/\/facebook.png\" alt=\"Facebook\" width=\"32\" height=\"32\"><\/a> <a href=\"http:\/\/twitter.com\/share?url=https%3A%2F%2Fwww.sud-sdis84.fr%2F%3Fp%3D729&text=Temps+de+Travail+suite+%26%238230%3Bcourrier+de+la+dgscgc\" style=\"text-decoration: none; white-space: nowrap;\" title=\"Twitter\" target=\"_blank\" onclick=\"that=this;_gaq.push(['_trackEvent','SocialSharing','Twitter','https:\/\/www.sud-sdis84.fr\/?p=729']); _trackableshare_window = window.open(this.href,'share','menubar=0,resizable=1,width=500,height=350'); _trackableshare_window.focus(); return false;\"><img align=\"absmiddle\" src=\"https:\/\/www.sud-sdis84.fr\/wp-content\/plugins\/trackable-social-share-icons\/buttons\/1\/\/twitter.png\" alt=\"Twitter\" width=\"32\" height=\"32\"><\/a> <a href=\"mailto:?subject=Check out https%3A%2F%2Fwww.sud-sdis84.fr%2F%3Fp%3D729\" style=\"text-decoration: none; white-space: nowrap;\" title=\"Email\" onclick=\"that=this;_gaq.push(['_trackEvent','SocialSharing','Email','https:\/\/www.sud-sdis84.fr\/?p=729']); \"><img align=\"absmiddle\" src=\"https:\/\/www.sud-sdis84.fr\/wp-content\/plugins\/trackable-social-share-icons\/buttons\/1\/\/email.png\" alt=\"Email\" width=\"32\" height=\"32\"><\/a> <\/div>","protected":false},"excerpt":{"rendered":"<p>Le 27 d\u00e9cembre 2012, jean-paul KIHL pr\u00e9fet directeur g\u00e9n\u00e9ral de la s\u00e9curit\u00e9 civile et de la gestion des crises envoyait un courrier aux pr\u00e9sidents de CASDIS pour pr\u00e9senter les 3 [&hellip;]<\/p>\n","protected":false},"author":1,"featured_media":0,"comment_status":"open","ping_status":"open","sticky":false,"template":"","format":"standard","meta":[],"categories":[5,1,16,4],"tags":[],"_links":{"self":[{"href":"https:\/\/www.sud-sdis84.fr\/index.php?rest_route=\/wp\/v2\/posts\/729"}],"collection":[{"href":"https:\/\/www.sud-sdis84.fr\/index.php?rest_route=\/wp\/v2\/posts"}],"about":[{"href":"https:\/\/www.sud-sdis84.fr\/index.php?rest_route=\/wp\/v2\/types\/post"}],"author":[{"embeddable":true,"href":"https:\/\/www.sud-sdis84.fr\/index.php?rest_route=\/wp\/v2\/users\/1"}],"replies":[{"embeddable":true,"href":"https:\/\/www.sud-sdis84.fr\/index.php?rest_route=%2Fwp%2Fv2%2Fcomments&post=729"}],"version-history":[{"count":7,"href":"https:\/\/www.sud-sdis84.fr\/index.php?rest_route=\/wp\/v2\/posts\/729\/revisions"}],"predecessor-version":[{"id":744,"href":"https:\/\/www.sud-sdis84.fr\/index.php?rest_route=\/wp\/v2\/posts\/729\/revisions\/744"}],"wp:attachment":[{"href":"https:\/\/www.sud-sdis84.fr\/index.php?rest_route=%2Fwp%2Fv2%2Fmedia&parent=729"}],"wp:term":[{"taxonomy":"category","embeddable":true,"href":"https:\/\/www.sud-sdis84.fr\/index.php?rest_route=%2Fwp%2Fv2%2Fcategories&post=729"},{"taxonomy":"post_tag","embeddable":true,"href":"https:\/\/www.sud-sdis84.fr\/index.php?rest_route=%2Fwp%2Fv2%2Ftags&post=729"}],"curies":[{"name":"wp","href":"https:\/\/api.w.org\/{rel}","templated":true}]}}