{"id":753,"date":"2013-02-23T16:35:32","date_gmt":"2013-02-23T15:35:32","guid":{"rendered":"http:\/\/www.sud-sdis84.fr\/?p=753"},"modified":"2013-02-23T16:43:11","modified_gmt":"2013-02-23T15:43:11","slug":"abrogation-du-jour-de-carence","status":"publish","type":"post","link":"https:\/\/www.sud-sdis84.fr\/?p=753","title":{"rendered":"Abrogation du jour de Carence"},"content":{"rendered":"<p><a href=\"https:\/\/www.sud-sdis84.fr\/wp-content\/uploads\/2013\/02\/bloc_ministere.png\"><img decoding=\"async\" loading=\"lazy\" class=\"size-full wp-image-755 alignleft\" style=\"border: 0px none; margin-left: 20px; margin-right: 20px;\" alt=\"bloc_ministere\" src=\"https:\/\/www.sud-sdis84.fr\/wp-content\/uploads\/2013\/02\/bloc_ministere.png\" width=\"114\" height=\"146\" \/><\/a><\/p>\n<p style=\"text-align: center;\"><strong>le jour de carence pour maladie vit ses derniers jours. <\/strong><\/p>\n<p><a href=\"https:\/\/www.sud-sdis84.fr\/wp-content\/uploads\/2013\/02\/Logo-SUD-Solidaires.gif\"><img decoding=\"async\" loading=\"lazy\" class=\"alignnone size-full wp-image-754\" alt=\"Logo-SUD-Solidaires\" src=\"https:\/\/www.sud-sdis84.fr\/wp-content\/uploads\/2013\/02\/Logo-SUD-Solidaires.gif\" width=\"236\" height=\"90\" \/><\/a><\/p>\n<h5>Marylise LEBRANCHU, Ministre de la Fonction publique, vient d\u2019annoncer l\u2019abrogation de la journ\u00e9e de carence dans la Fonction publique.<\/h5>\n<h5>Depuis sa mise en place par le gouvernement pr\u00e9c\u00e9dent, Solidaires Fonction Publique n\u2019a eu de cesse de d\u00e9noncer cette mesure injuste tout en rappelant, \u00e0 chaque fois, qu\u2019il fallait aussi se battre pour une abrogation dans le public comme dans le priv\u00e9.<\/h5>\n<h5><strong>Et m\u00eame si d\u00e8s le d\u00e9but de son mandat, la Ministre de la Fonction publique, avait condamn\u00e9 cette mesure, c\u2019est bien gr\u00e2ce au rapport de forces que cette revendication a \u00e9t\u00e9 entendue.<\/strong><\/h5>\n<h5><strong><\/strong><strong>L\u2019action et la mobilisation du 31 janvier, appel\u00e9es par Solidaires, la CGT et la FSU, ont pay\u00e9 sur au moins deux points\u00a0:<\/strong><\/h5>\n<h5><strong>Le d\u00e9contingentement du 8\u00e8me \u00e9chelon de la cat\u00e9gorie C<\/strong>\u00a0administrative et des fili\u00e8res sociales, qui va permettre \u00e0 pr\u00e8s de 130 000 agents de pouvoir finir leur carri\u00e8re avec un \u00e9chelon de plus.<\/h5>\n<h5><strong>L\u2019abrogation du jour de carence<\/strong>\u00a0qui, depuis janvier 2012, constituait une double peine pour les agents malades. Solidaires Fonction Publique se f\u00e9licite de ces premiers r\u00e9sultats qui doivent s\u2019appliquer sans d\u00e9lai.<\/h5>\n<h5><strong>Ils confirment qu\u2019une mobilisation sur des revendications l\u00e9gitimes, peut aboutir \u00e0 des r\u00e9ponses positives pour les personnels.<\/strong><\/h5>\n<h5>Toutefois, la liste de nos griefs est encore longue<\/h5>\n<h5>L\u2019affaiblissement de notre pouvoir d\u2019achat, gel\u00e9 depuis 2010.<\/h5>\n<h5>L\u2019absence de cr\u00e9ations d\u2019emplois pourtant n\u00e9cessaires \u00e0 l\u2019accomplissement de nos missions de services publics mais \u00e9galement indispensables pour r\u00e9duire le nombre, sans cesse grandissant, des demandeurs d\u2019emplois.<\/h5>\n<h5>L\u2019absence de remise en cause des d\u00e9g\u00e2ts li\u00e9s \u00e0 la RGPP et \u00e0 la REATE, devenue MAP.<\/h5>\n<h5>L\u2019acte trois de la d\u00e9centralisation qui pourrait remettre en cause l\u2019unicit\u00e9 de notre territoire et ne plus garantir la pr\u00e9sence des services publics, pour tous les citoyens, quel que soit leur lieu de r\u00e9sidence.<\/h5>\n<h5>L\u2019inqui\u00e9tude face au projet de r\u00e9forme de nos retraites.<\/h5>\n<h5><strong>Pour toutes ces raisons, Solidaires Fonction Publique poursuivra, dans l\u2019unit\u00e9 la plus large possible, son action pour obtenir satisfaction sur l\u2019ensemble de ses revendications.<\/strong><\/h5>\n<address>Article issue du site sudsdis national<\/address>\n<address><a href=\"https:\/\/www.sud-sdis84.fr\/wp-content\/uploads\/2013\/02\/Abrogationdujourdecarence1.pdf\">le communiqu\u00e9 : Abrogationdujourdecarence<\/a><\/address>\n<div class=\"trackable_sharing\"><div class=\"trackable_sharing_text\"><b>Partager avec<\/b><\/div><a href=\"http:\/\/www.facebook.com\/sharer.php?u=https%3A%2F%2Fwww.sud-sdis84.fr%2F%3Fp%3D753\" style=\"text-decoration: none; white-space: nowrap;\" title=\"Facebook\" target=\"_blank\" onclick=\"that=this;_gaq.push(['_trackEvent','SocialSharing','Facebook','https:\/\/www.sud-sdis84.fr\/?p=753']); _trackableshare_window = window.open(this.href,'share','menubar=0,resizable=1,width=500,height=350'); _trackableshare_window.focus(); return false;\"><img align=\"absmiddle\" src=\"https:\/\/www.sud-sdis84.fr\/wp-content\/plugins\/trackable-social-share-icons\/buttons\/1\/\/facebook.png\" alt=\"Facebook\" width=\"32\" height=\"32\"><\/a> <a href=\"http:\/\/twitter.com\/share?url=https%3A%2F%2Fwww.sud-sdis84.fr%2F%3Fp%3D753&text=Abrogation+du+jour+de+Carence\" style=\"text-decoration: none; white-space: nowrap;\" title=\"Twitter\" target=\"_blank\" onclick=\"that=this;_gaq.push(['_trackEvent','SocialSharing','Twitter','https:\/\/www.sud-sdis84.fr\/?p=753']); _trackableshare_window = window.open(this.href,'share','menubar=0,resizable=1,width=500,height=350'); _trackableshare_window.focus(); return false;\"><img align=\"absmiddle\" src=\"https:\/\/www.sud-sdis84.fr\/wp-content\/plugins\/trackable-social-share-icons\/buttons\/1\/\/twitter.png\" alt=\"Twitter\" width=\"32\" height=\"32\"><\/a> <a href=\"mailto:?subject=Check out https%3A%2F%2Fwww.sud-sdis84.fr%2F%3Fp%3D753\" style=\"text-decoration: none; white-space: nowrap;\" title=\"Email\" onclick=\"that=this;_gaq.push(['_trackEvent','SocialSharing','Email','https:\/\/www.sud-sdis84.fr\/?p=753']); \"><img align=\"absmiddle\" src=\"https:\/\/www.sud-sdis84.fr\/wp-content\/plugins\/trackable-social-share-icons\/buttons\/1\/\/email.png\" alt=\"Email\" width=\"32\" height=\"32\"><\/a> <\/div>","protected":false},"excerpt":{"rendered":"<p>le jour de carence pour maladie vit ses derniers jours. Marylise LEBRANCHU, Ministre de la Fonction publique, vient d\u2019annoncer l\u2019abrogation de la journ\u00e9e de carence dans la Fonction publique. Depuis [&hellip;]<\/p>\n","protected":false},"author":1,"featured_media":0,"comment_status":"open","ping_status":"open","sticky":false,"template":"","format":"gallery","meta":[],"categories":[5,1,16],"tags":[],"_links":{"self":[{"href":"https:\/\/www.sud-sdis84.fr\/index.php?rest_route=\/wp\/v2\/posts\/753"}],"collection":[{"href":"https:\/\/www.sud-sdis84.fr\/index.php?rest_route=\/wp\/v2\/posts"}],"about":[{"href":"https:\/\/www.sud-sdis84.fr\/index.php?rest_route=\/wp\/v2\/types\/post"}],"author":[{"embeddable":true,"href":"https:\/\/www.sud-sdis84.fr\/index.php?rest_route=\/wp\/v2\/users\/1"}],"replies":[{"embeddable":true,"href":"https:\/\/www.sud-sdis84.fr\/index.php?rest_route=%2Fwp%2Fv2%2Fcomments&post=753"}],"version-history":[{"count":8,"href":"https:\/\/www.sud-sdis84.fr\/index.php?rest_route=\/wp\/v2\/posts\/753\/revisions"}],"predecessor-version":[{"id":758,"href":"https:\/\/www.sud-sdis84.fr\/index.php?rest_route=\/wp\/v2\/posts\/753\/revisions\/758"}],"wp:attachment":[{"href":"https:\/\/www.sud-sdis84.fr\/index.php?rest_route=%2Fwp%2Fv2%2Fmedia&parent=753"}],"wp:term":[{"taxonomy":"category","embeddable":true,"href":"https:\/\/www.sud-sdis84.fr\/index.php?rest_route=%2Fwp%2Fv2%2Fcategories&post=753"},{"taxonomy":"post_tag","embeddable":true,"href":"https:\/\/www.sud-sdis84.fr\/index.php?rest_route=%2Fwp%2Fv2%2Ftags&post=753"}],"curies":[{"name":"wp","href":"https:\/\/api.w.org\/{rel}","templated":true}]}}