{"id":811,"date":"2013-10-10T11:57:42","date_gmt":"2013-10-10T09:57:42","guid":{"rendered":"http:\/\/www.sud-sdis84.fr\/?p=811"},"modified":"2013-10-10T12:00:00","modified_gmt":"2013-10-10T10:00:00","slug":"concours-et-examen-de-lieutenant-de-qui-se-moque-ton","status":"publish","type":"post","link":"https:\/\/www.sud-sdis84.fr\/?p=811","title":{"rendered":"Concours et examen de Lieutenant : de qui se moque t&#8217;on ?"},"content":{"rendered":"<table border=\"0\">\n<tbody>\n<tr>\n<td><\/td>\n<td><strong><a href=\"https:\/\/www.sud-sdis84.fr\/wp-content\/uploads\/2013\/10\/Concours-examens.png\"><img decoding=\"async\" loading=\"lazy\" class=\"size-medium wp-image-813 alignleft\" alt=\"Concours-examens\" src=\"https:\/\/www.sud-sdis84.fr\/wp-content\/uploads\/2013\/10\/Concours-examens-300x203.png\" width=\"136\" height=\"92\" srcset=\"https:\/\/www.sud-sdis84.fr\/wp-content\/uploads\/2013\/10\/Concours-examens-300x203.png 300w, https:\/\/www.sud-sdis84.fr\/wp-content\/uploads\/2013\/10\/Concours-examens.png 415w\" sizes=\"(max-width: 136px) 100vw, 136px\" \/><\/a>&#8220;Pour la transformation d&#8217;un examen de Lieutenant SPP en un concours : en reconnaissance !&#8221;<br \/>\n<\/strong><strong><\/strong>Lire dans la suite de l&#8217;article les d\u00e9tails de notre courrier \u00e0 Monsieur le Ministre de l&#8217;int\u00e9rieur.<br \/>\nEt juste pour rire, vous retrouverez l&#8217;\u00e9preuve invraisemblable \u00e0 la fin de\u00a0 cette article.<\/td>\n<\/tr>\n<\/tbody>\n<\/table>\n<p>&nbsp;<\/p>\n<p>L\u2019arr\u00eat\u00e9 du 7 mai 2012 relatif, entre autres, au programme de l\u2019examen professionnel de Lieutenant de seconde classe, pris en conformit\u00e9 avec l\u2019article 26 du d\u00e9cret n\u00b0 2012-522 du 20 avril 2012, pr\u00e9voyait la mise en situation des candidats sur un cas concret op\u00e9rationnel.<\/p>\n<p>&nbsp;<\/p>\n<p>Lors de l\u2019organisation de la session du 15 mai 2013 \u00a0nous avons eu la surprise de constater\u00a0:<\/p>\n<p>&nbsp;<\/p>\n<p>1)\u00a0\u00a0\u00a0\u00a0\u00a0\u00a0\u00a0\u00a0\u00a0\u00a0\u00a0\u00a0\u00a0 Un nombre de laur\u00e9ats a \u00e9t\u00e9 fix\u00e9, ce qui est pr\u00e9vu normalement pour un concours et marque la diff\u00e9rence avec un examen.<\/p>\n<p>&nbsp;<\/p>\n<p>Par ce fait, nous estimons donc que les dispositions r\u00e9glementaires relatives \u00e0 l\u2019organisation de cet examen n\u2019ont pas \u00e9t\u00e9 respect\u00e9es.<\/p>\n<p>&nbsp;<\/p>\n<p>2)\u00a0\u00a0\u00a0\u00a0\u00a0\u00a0\u00a0\u00a0\u00a0\u00a0\u00a0\u00a0\u00a0 Le cas concret op\u00e9rationnel propos\u00e9 sort tout droit de l\u2019irr\u00e9el, alors que l\u2019\u00e9preuve est cens\u00e9e \u00e9valuer l\u2019exp\u00e9rience d\u2019un chef d\u2019agr\u00e8s tout engin.<\/p>\n<p>&nbsp;<\/p>\n<p>3)\u00a0\u00a0\u00a0\u00a0\u00a0\u00a0\u00a0\u00a0\u00a0\u00a0\u00a0\u00a0\u00a0 Une grave rupture dans l\u2019\u00e9galit\u00e9 des chances de r\u00e9ussite \u00e0 cet \u00ab\u00a0examen-concours\u00a0\u00bb est \u00e0 noter. En effet une grande partie du dossier \u00e9tait orient\u00e9 sur une probl\u00e9matique d\u2019intemp\u00e9ries et plus particuli\u00e8rement de froid extr\u00eame.<\/p>\n<p>Ces conditions m\u00e9t\u00e9orologiques, sp\u00e9cificit\u00e9s seulement d\u2019une certaine partie de la m\u00e9tropole, sont inconnues, par exemple, des candidats des d\u00e9partements d\u2019outre mer.<\/p>\n<p>&nbsp;<\/p>\n<p>D\u00e8s lors, nous estimons que les modalit\u00e9s p\u00e9dagogiques de cet examen ne respectent pas les dispositions pr\u00e9vues par les d\u00e9crets et arr\u00eat\u00e9s qui r\u00e9gissent ces \u00e9preuves. Et surtout nous nous apercevons que cette \u00e9preuve n\u2019a pas \u00e9t\u00e9 organis\u00e9 dans l\u2019esprit des d\u00e9crets, lors de leurs \u00e9laborations.<\/p>\n<p>&nbsp;<\/p>\n<p>Par cet ensemble, une fois de plus, la m\u00e9prise de la DGSCGC vis-\u00e0-vis de la cat\u00e9gorie C de notre profession est de fait dans la mise en place de cette refonte de la fili\u00e8re r\u00e9trograde.<\/p>\n<p>&nbsp;<\/p>\n<p>Que dire\u00a0 des informations qui, si elles sont exactes, font appara\u00eetre que la note de s\u00e9lection pour l\u2019\u00e9preuve orale \u00e0 \u00e9t\u00e9 baiss\u00e9e pour pouvoir augmenter le nombre de candidats seulement pour justifier du bien fond\u00e9 de cet examen sachant que ces candidats rep\u00each\u00e9s n\u2019avaient pas toutes leurs chances.<\/p>\n<p>&nbsp;<\/p>\n<p>Tout ceci a tout de m\u00eame induit des d\u00e9penses p\u00e9cuniaires tant pour les candidats que pour les services d\u00e9partementaux d\u2019incendie et de secours.<\/p>\n<p>&nbsp;<\/p>\n<p>Nous demandons de donner des consignes \u00e0 la DGSCGC pour qu\u2019elle oblige les SDIS \u00e0 nommer les\u00a0 laur\u00e9ats \u00e0 cet examen dans les plus brefs d\u00e9lais<\/p>\n<p>&nbsp;<\/p>\n<p>Nous r\u00e9it\u00e9rons nos demandes de voir \u00e9claircir, lors de la clause de revoyure les imperfections de\u00a0 cette r\u00e9forme.<\/p>\n<p>&nbsp;<\/p>\n<p><strong>Pour en savoir plus<\/strong> :<\/p>\n<ul>\n<li><a href=\"http:\/\/www.sudsdis-national.fr\/wp-content\/uploads\/2013\/10\/2013-10-06-concours-ltn2-Valls.pdf\" target=\"_blank\">Courrier \u00e0 Monsieur le Ministre de l&#8217;int\u00e9rieur du 6 octobre 2013 <\/a><\/li>\n<li><a href=\"http:\/\/www.sudsdis-national.fr\/wp-content\/uploads\/2013\/10\/examen-pro-de-lt-seconde-classe1.pdf\" target=\"_blank\">\u00c9preuve \u00e9crite d&#8217;admissibilit\u00e9<\/a><\/li>\n<\/ul>\n<div class=\"trackable_sharing\"><div class=\"trackable_sharing_text\"><b>Partager avec<\/b><\/div><a href=\"http:\/\/www.facebook.com\/sharer.php?u=https%3A%2F%2Fwww.sud-sdis84.fr%2F%3Fp%3D811\" style=\"text-decoration: none; white-space: nowrap;\" title=\"Facebook\" target=\"_blank\" onclick=\"that=this;_gaq.push(['_trackEvent','SocialSharing','Facebook','https:\/\/www.sud-sdis84.fr\/?p=811']); _trackableshare_window = window.open(this.href,'share','menubar=0,resizable=1,width=500,height=350'); _trackableshare_window.focus(); return false;\"><img align=\"absmiddle\" src=\"https:\/\/www.sud-sdis84.fr\/wp-content\/plugins\/trackable-social-share-icons\/buttons\/1\/\/facebook.png\" alt=\"Facebook\" width=\"32\" height=\"32\"><\/a> <a href=\"http:\/\/twitter.com\/share?url=https%3A%2F%2Fwww.sud-sdis84.fr%2F%3Fp%3D811&text=Concours+et+examen+de+Lieutenant+%3A+de+qui+se+moque+t%26%238217%3Bon+%3F\" style=\"text-decoration: none; white-space: nowrap;\" title=\"Twitter\" target=\"_blank\" onclick=\"that=this;_gaq.push(['_trackEvent','SocialSharing','Twitter','https:\/\/www.sud-sdis84.fr\/?p=811']); _trackableshare_window = window.open(this.href,'share','menubar=0,resizable=1,width=500,height=350'); _trackableshare_window.focus(); return false;\"><img align=\"absmiddle\" src=\"https:\/\/www.sud-sdis84.fr\/wp-content\/plugins\/trackable-social-share-icons\/buttons\/1\/\/twitter.png\" alt=\"Twitter\" width=\"32\" height=\"32\"><\/a> <a href=\"mailto:?subject=Check out https%3A%2F%2Fwww.sud-sdis84.fr%2F%3Fp%3D811\" style=\"text-decoration: none; white-space: nowrap;\" title=\"Email\" onclick=\"that=this;_gaq.push(['_trackEvent','SocialSharing','Email','https:\/\/www.sud-sdis84.fr\/?p=811']); \"><img align=\"absmiddle\" src=\"https:\/\/www.sud-sdis84.fr\/wp-content\/plugins\/trackable-social-share-icons\/buttons\/1\/\/email.png\" alt=\"Email\" width=\"32\" height=\"32\"><\/a> <\/div>","protected":false},"excerpt":{"rendered":"<p>&#8220;Pour la transformation d&#8217;un examen de Lieutenant SPP en un concours : en reconnaissance !&#8221; Lire dans la suite de l&#8217;article les d\u00e9tails de notre courrier \u00e0 Monsieur le Ministre [&hellip;]<\/p>\n","protected":false},"author":1,"featured_media":0,"comment_status":"open","ping_status":"open","sticky":false,"template":"","format":"gallery","meta":[],"categories":[1],"tags":[],"_links":{"self":[{"href":"https:\/\/www.sud-sdis84.fr\/index.php?rest_route=\/wp\/v2\/posts\/811"}],"collection":[{"href":"https:\/\/www.sud-sdis84.fr\/index.php?rest_route=\/wp\/v2\/posts"}],"about":[{"href":"https:\/\/www.sud-sdis84.fr\/index.php?rest_route=\/wp\/v2\/types\/post"}],"author":[{"embeddable":true,"href":"https:\/\/www.sud-sdis84.fr\/index.php?rest_route=\/wp\/v2\/users\/1"}],"replies":[{"embeddable":true,"href":"https:\/\/www.sud-sdis84.fr\/index.php?rest_route=%2Fwp%2Fv2%2Fcomments&post=811"}],"version-history":[{"count":3,"href":"https:\/\/www.sud-sdis84.fr\/index.php?rest_route=\/wp\/v2\/posts\/811\/revisions"}],"predecessor-version":[{"id":815,"href":"https:\/\/www.sud-sdis84.fr\/index.php?rest_route=\/wp\/v2\/posts\/811\/revisions\/815"}],"wp:attachment":[{"href":"https:\/\/www.sud-sdis84.fr\/index.php?rest_route=%2Fwp%2Fv2%2Fmedia&parent=811"}],"wp:term":[{"taxonomy":"category","embeddable":true,"href":"https:\/\/www.sud-sdis84.fr\/index.php?rest_route=%2Fwp%2Fv2%2Fcategories&post=811"},{"taxonomy":"post_tag","embeddable":true,"href":"https:\/\/www.sud-sdis84.fr\/index.php?rest_route=%2Fwp%2Fv2%2Ftags&post=811"}],"curies":[{"name":"wp","href":"https:\/\/api.w.org\/{rel}","templated":true}]}}