{"id":83,"date":"2011-03-18T10:27:18","date_gmt":"2011-03-18T10:27:18","guid":{"rendered":"http:\/\/www.sud-sdis84.fr\/?p=83"},"modified":"2011-03-18T10:47:50","modified_gmt":"2011-03-18T10:47:50","slug":"inter-syndicale-sur-la-refonte-de-la-filiere","status":"publish","type":"post","link":"https:\/\/www.sud-sdis84.fr\/?p=83","title":{"rendered":"Inter-syndicale sur la refonte de la fili\u00e8re"},"content":{"rendered":"<p><img decoding=\"async\" loading=\"lazy\" class=\"size-full wp-image-84 alignleft\" title=\"SUD\" src=\"https:\/\/www.sud-sdis84.fr\/wp-content\/uploads\/2011\/03\/SUD.jpg\" alt=\"\" width=\"250\" height=\"165\" \/>L\u2019intersyndicale, ayant pour principal sujet la refonte de la fili\u00e8re,<br \/>\ns\u2019est r\u00e9unie au si\u00e8ge de FA rue Blanche Paris 18<sup>\u00e8me<\/sup> le 16 f\u00e9vrier 2011.<\/p>\n<p>Les syndicats pr\u00e9sents\u00a0: SUD, CGT, FA et CFDT<\/p>\n<p>SUD National \u00e9tait repr\u00e9sent\u00e9 par R\u00e9gis Vidal et Fr\u00e9d\u00e9ric Greffe<\/p>\n<p><a title=\"compte rendu intersyndicale du 16 fevrier 2011\" href=\"\/documents\/sud\/compte rendu intersyndicale du 16 fevrier 2011.pdf\" target=\"_blank\">t\u00e9l\u00e9charger <\/a>le compte rendu de l&#8217;inter-syndicale<\/p>\n<p>D\u00e9cret no 2010-329 du 22 mars 2010 portant dispositions statutaires communes \u00e0 divers cadres d\u2019emplois de fonctionnaires de la cat\u00e9gorie B de la fonction publique territoriale<\/p>\n<p><a title=\"Decret cadre 22 mars 10\" href=\"\/documents\/officiel\/Decret cadre 22 mars 10.pdf\" target=\"_blank\">t\u00e9l\u00e9charger<\/a> le d\u00e9cret<\/p>\n<p>&nbsp;<\/p>\n<div class=\"trackable_sharing\"><div class=\"trackable_sharing_text\"><b>Partager avec<\/b><\/div><a href=\"http:\/\/www.facebook.com\/sharer.php?u=https%3A%2F%2Fwww.sud-sdis84.fr%2F%3Fp%3D83\" style=\"text-decoration: none; white-space: nowrap;\" title=\"Facebook\" target=\"_blank\" onclick=\"that=this;_gaq.push(['_trackEvent','SocialSharing','Facebook','https:\/\/www.sud-sdis84.fr\/?p=83']); _trackableshare_window = window.open(this.href,'share','menubar=0,resizable=1,width=500,height=350'); _trackableshare_window.focus(); return false;\"><img align=\"absmiddle\" src=\"https:\/\/www.sud-sdis84.fr\/wp-content\/plugins\/trackable-social-share-icons\/buttons\/1\/\/facebook.png\" alt=\"Facebook\" width=\"32\" height=\"32\"><\/a> <a href=\"http:\/\/twitter.com\/share?url=https%3A%2F%2Fwww.sud-sdis84.fr%2F%3Fp%3D83&text=Inter-syndicale+sur+la+refonte+de+la+fili%C3%A8re\" style=\"text-decoration: none; white-space: nowrap;\" title=\"Twitter\" target=\"_blank\" onclick=\"that=this;_gaq.push(['_trackEvent','SocialSharing','Twitter','https:\/\/www.sud-sdis84.fr\/?p=83']); _trackableshare_window = window.open(this.href,'share','menubar=0,resizable=1,width=500,height=350'); _trackableshare_window.focus(); return false;\"><img align=\"absmiddle\" src=\"https:\/\/www.sud-sdis84.fr\/wp-content\/plugins\/trackable-social-share-icons\/buttons\/1\/\/twitter.png\" alt=\"Twitter\" width=\"32\" height=\"32\"><\/a> <a href=\"mailto:?subject=Check out https%3A%2F%2Fwww.sud-sdis84.fr%2F%3Fp%3D83\" style=\"text-decoration: none; white-space: nowrap;\" title=\"Email\" onclick=\"that=this;_gaq.push(['_trackEvent','SocialSharing','Email','https:\/\/www.sud-sdis84.fr\/?p=83']); \"><img align=\"absmiddle\" src=\"https:\/\/www.sud-sdis84.fr\/wp-content\/plugins\/trackable-social-share-icons\/buttons\/1\/\/email.png\" alt=\"Email\" width=\"32\" height=\"32\"><\/a> <\/div>","protected":false},"excerpt":{"rendered":"<p>L\u2019intersyndicale, ayant pour principal sujet la refonte de la fili\u00e8re, s\u2019est r\u00e9unie au si\u00e8ge de FA rue Blanche Paris 18\u00e8me le 16 f\u00e9vrier 2011. Les syndicats pr\u00e9sents\u00a0: SUD, CGT, FA [&hellip;]<\/p>\n","protected":false},"author":1,"featured_media":0,"comment_status":"open","ping_status":"open","sticky":false,"template":"","format":"standard","meta":[],"categories":[5],"tags":[12,8,6,13],"_links":{"self":[{"href":"https:\/\/www.sud-sdis84.fr\/index.php?rest_route=\/wp\/v2\/posts\/83"}],"collection":[{"href":"https:\/\/www.sud-sdis84.fr\/index.php?rest_route=\/wp\/v2\/posts"}],"about":[{"href":"https:\/\/www.sud-sdis84.fr\/index.php?rest_route=\/wp\/v2\/types\/post"}],"author":[{"embeddable":true,"href":"https:\/\/www.sud-sdis84.fr\/index.php?rest_route=\/wp\/v2\/users\/1"}],"replies":[{"embeddable":true,"href":"https:\/\/www.sud-sdis84.fr\/index.php?rest_route=%2Fwp%2Fv2%2Fcomments&post=83"}],"version-history":[{"count":4,"href":"https:\/\/www.sud-sdis84.fr\/index.php?rest_route=\/wp\/v2\/posts\/83\/revisions"}],"predecessor-version":[{"id":86,"href":"https:\/\/www.sud-sdis84.fr\/index.php?rest_route=\/wp\/v2\/posts\/83\/revisions\/86"}],"wp:attachment":[{"href":"https:\/\/www.sud-sdis84.fr\/index.php?rest_route=%2Fwp%2Fv2%2Fmedia&parent=83"}],"wp:term":[{"taxonomy":"category","embeddable":true,"href":"https:\/\/www.sud-sdis84.fr\/index.php?rest_route=%2Fwp%2Fv2%2Fcategories&post=83"},{"taxonomy":"post_tag","embeddable":true,"href":"https:\/\/www.sud-sdis84.fr\/index.php?rest_route=%2Fwp%2Fv2%2Ftags&post=83"}],"curies":[{"name":"wp","href":"https:\/\/api.w.org\/{rel}","templated":true}]}}