{"id":854,"date":"2013-12-09T16:44:18","date_gmt":"2013-12-09T15:44:18","guid":{"rendered":"http:\/\/www.sud-sdis84.fr\/?p=854"},"modified":"2013-12-09T16:44:18","modified_gmt":"2013-12-09T15:44:18","slug":"les-sapeurs-pompiers-de-bollene-sont-partis-quand-jean-pierre-lambertin-sest-exprime","status":"publish","type":"post","link":"https:\/\/www.sud-sdis84.fr\/?p=854","title":{"rendered":"Les sapeurs-pompiers de Boll\u00e8ne sont partis quand Jean-Pierre Lambertin s\u2019est exprim\u00e9"},"content":{"rendered":"<table style=\"width: 566px; height: 130px;\" border=\"0\">\n<tbody>\n<tr>\n<td style=\"background-color: #dcdb9d;\"><\/td>\n<td style=\"background-color: #dcdb9d;\">\n<address>Les sapeurs-pompiers de Boll\u00e8ne sont m\u00e9contents et ils ont tenu \u00e0 le signifier de fa\u00e7on claire au pr\u00e9sident du conseil d\u2019administration du Sdis &#8230;.<\/address>\n<\/td>\n<\/tr>\n<\/tbody>\n<\/table>\n<p><!--more--><\/p>\n<p><img decoding=\"async\" loading=\"lazy\" class=\"alignleft size-full wp-image-857\" alt=\"les-sapeurs-pompiers-de-bollene-sont-partis-quand-jean-pierre-lambertin-s-est-exprime-1\" src=\"https:\/\/www.sud-sdis84.fr\/wp-content\/uploads\/2013\/12\/les-sapeurs-pompiers-de-bollene-sont-partis-quand-jean-pierre-lambertin-s-est-exprime-1.jpg\" width=\"215\" height=\"140\" \/><\/p>\n<p>Article du Vaucluse Matin<\/p>\n<p><a title=\"les pompiers de bollene m\u00e9content quittent la salle\" href=\"http:\/\/www.ledauphine.com\/vaucluse\/2013\/12\/09\/les-sapeurs-pompiers-de-bollene-sont-partis-quand-jean-pierre-lambertin-s-est-exprime\" target=\"_blank\">http:\/\/www.ledauphine.com\/vaucluse\/2013\/12\/09\/les-sapeurs-pompiers-de-bollene-sont-partis-quand-jean-pierre-lambertin-s-est-exprime<\/a><\/p>\n<p>&nbsp;<\/p>\n<div class=\"trackable_sharing\"><div class=\"trackable_sharing_text\"><b>Partager avec<\/b><\/div><a href=\"http:\/\/www.facebook.com\/sharer.php?u=https%3A%2F%2Fwww.sud-sdis84.fr%2F%3Fp%3D854\" style=\"text-decoration: none; white-space: nowrap;\" title=\"Facebook\" target=\"_blank\" onclick=\"that=this;_gaq.push(['_trackEvent','SocialSharing','Facebook','https:\/\/www.sud-sdis84.fr\/?p=854']); _trackableshare_window = window.open(this.href,'share','menubar=0,resizable=1,width=500,height=350'); _trackableshare_window.focus(); return false;\"><img align=\"absmiddle\" src=\"https:\/\/www.sud-sdis84.fr\/wp-content\/plugins\/trackable-social-share-icons\/buttons\/1\/\/facebook.png\" alt=\"Facebook\" width=\"32\" height=\"32\"><\/a> <a href=\"http:\/\/twitter.com\/share?url=https%3A%2F%2Fwww.sud-sdis84.fr%2F%3Fp%3D854&text=Les+sapeurs-pompiers+de+Boll%C3%A8ne+sont+partis+quand+Jean-Pierre+Lambertin+s%E2%80%99est+exprim%C3%A9\" style=\"text-decoration: none; white-space: nowrap;\" title=\"Twitter\" target=\"_blank\" onclick=\"that=this;_gaq.push(['_trackEvent','SocialSharing','Twitter','https:\/\/www.sud-sdis84.fr\/?p=854']); _trackableshare_window = window.open(this.href,'share','menubar=0,resizable=1,width=500,height=350'); _trackableshare_window.focus(); return false;\"><img align=\"absmiddle\" src=\"https:\/\/www.sud-sdis84.fr\/wp-content\/plugins\/trackable-social-share-icons\/buttons\/1\/\/twitter.png\" alt=\"Twitter\" width=\"32\" height=\"32\"><\/a> <a href=\"mailto:?subject=Check out https%3A%2F%2Fwww.sud-sdis84.fr%2F%3Fp%3D854\" style=\"text-decoration: none; white-space: nowrap;\" title=\"Email\" onclick=\"that=this;_gaq.push(['_trackEvent','SocialSharing','Email','https:\/\/www.sud-sdis84.fr\/?p=854']); \"><img align=\"absmiddle\" src=\"https:\/\/www.sud-sdis84.fr\/wp-content\/plugins\/trackable-social-share-icons\/buttons\/1\/\/email.png\" alt=\"Email\" width=\"32\" height=\"32\"><\/a> <\/div>","protected":false},"excerpt":{"rendered":"<p>Les sapeurs-pompiers de Boll\u00e8ne sont m\u00e9contents et ils ont tenu \u00e0 le signifier de fa\u00e7on claire au pr\u00e9sident du conseil d\u2019administration du Sdis &#8230;. Partager avec<\/p>\n","protected":false},"author":1,"featured_media":0,"comment_status":"open","ping_status":"open","sticky":false,"template":"","format":"standard","meta":[],"categories":[1,4],"tags":[32,23,14,29,25,36],"_links":{"self":[{"href":"https:\/\/www.sud-sdis84.fr\/index.php?rest_route=\/wp\/v2\/posts\/854"}],"collection":[{"href":"https:\/\/www.sud-sdis84.fr\/index.php?rest_route=\/wp\/v2\/posts"}],"about":[{"href":"https:\/\/www.sud-sdis84.fr\/index.php?rest_route=\/wp\/v2\/types\/post"}],"author":[{"embeddable":true,"href":"https:\/\/www.sud-sdis84.fr\/index.php?rest_route=\/wp\/v2\/users\/1"}],"replies":[{"embeddable":true,"href":"https:\/\/www.sud-sdis84.fr\/index.php?rest_route=%2Fwp%2Fv2%2Fcomments&post=854"}],"version-history":[{"count":1,"href":"https:\/\/www.sud-sdis84.fr\/index.php?rest_route=\/wp\/v2\/posts\/854\/revisions"}],"predecessor-version":[{"id":858,"href":"https:\/\/www.sud-sdis84.fr\/index.php?rest_route=\/wp\/v2\/posts\/854\/revisions\/858"}],"wp:attachment":[{"href":"https:\/\/www.sud-sdis84.fr\/index.php?rest_route=%2Fwp%2Fv2%2Fmedia&parent=854"}],"wp:term":[{"taxonomy":"category","embeddable":true,"href":"https:\/\/www.sud-sdis84.fr\/index.php?rest_route=%2Fwp%2Fv2%2Fcategories&post=854"},{"taxonomy":"post_tag","embeddable":true,"href":"https:\/\/www.sud-sdis84.fr\/index.php?rest_route=%2Fwp%2Fv2%2Ftags&post=854"}],"curies":[{"name":"wp","href":"https:\/\/api.w.org\/{rel}","templated":true}]}}