{"id":939,"date":"2014-07-29T14:42:01","date_gmt":"2014-07-29T12:42:01","guid":{"rendered":"http:\/\/www.sud-sdis84.fr\/?p=939"},"modified":"2016-05-18T15:37:38","modified_gmt":"2016-05-18T13:37:38","slug":"nouvelles-grilles-indiciaires-sergents-et-adjudants","status":"publish","type":"post","link":"https:\/\/www.sud-sdis84.fr\/?p=939","title":{"rendered":"Nouvelles grilles indiciaires sergents et adjudants"},"content":{"rendered":"<table style=\"width: 640px;\">\n<tbody>\n<tr>\n<td><a href=\"http:\/\/www.sudsdis-national.fr\/wp-content\/uploads\/2012\/04\/visuel_01.gif\"><img decoding=\"async\" loading=\"lazy\" class=\"alignnone size-full wp-image-4935\" src=\"http:\/\/www.sudsdis-national.fr\/wp-content\/uploads\/2012\/04\/visuel_01.gif\" alt=\"journal officiel\" width=\"90\" height=\"66\" \/><\/a><\/td>\n<td>\n<h1 style=\"text-align: center;\">Nouvelles\u00a0grilles pour les sergents et adjudants:<\/h1>\n<h5 style=\"text-align: center;\">parution au 1er juillet<br \/>\n(\u00e0 priori sur la paye d&#8217;Ao\u00fbt)<\/h5>\n<\/td>\n<\/tr>\n<\/tbody>\n<\/table>\n<p><!--more--><\/p>\n<p>Apr\u00e8s la refonte des grilles des cat\u00e9gories C (<a href=\"http:\/\/www.sudsdis-national.fr\/actualites\/nouvelles-grilles-c.html\" target=\"_blank\">article du 4 f\u00e9vrier 2014 sur notre site<\/a>),\u00a0c&#8217;est celles des sergents et adjudants qui ont \u00e9t\u00e9 revues.<\/p>\n<p>L&#8217;Union Syndicale SUD\u00a0SDIS avait point\u00e9 des incoh\u00e9rences en\u00a0<a href=\"http:\/\/www.sudsdis-national.fr\/actualites\/projet-de-refonte-des-grilles-indiciaires-des-spp.html\" target=\"_blank\">novembre 2013<\/a>.<\/p>\n<p>Le 1er f\u00e9vrier, les deux d\u00e9crets suivant ont \u00e9t\u00e9 publi\u00e9s au Journal Officiel:<\/p>\n<p>&nbsp;<\/p>\n<ul>\n<li><a href=\"http:\/\/www.legifrance.gouv.fr\/affichTexte.do?cidTexte=JORFTEXT000029146473&amp;dateTexte=&amp;categorieLien=id\" target=\"_blank\">D\u00e9cret n\u00b0 2014-716 du 26 juin 2014<\/a>\u00a0modifiant le d\u00e9cret n\u00b0 2012-521 du 20 avril 2012 portant statut particulier du cadre d&#8217;emplois des sous-officiers de sapeurs-pompiers professionnels<span style=\"color: #000000;\">\u00a0<\/span><\/li>\n<\/ul>\n<ul>\n<li><a href=\"http:\/\/www.legifrance.gouv.fr\/affichTexte.do?cidTexte=JORFTEXT000029146488&amp;dateTexte=&amp;categorieLien=id\" target=\"_blank\">D\u00e9cret n\u00b0 2014-717 du 26 juin 2014<\/a>\u00a0modifiant le d\u00e9cret n\u00b0 2012-524 du 20 avril 2012 fixant les indices de r\u00e9mun\u00e9ration pour certains grades des cadres d&#8217;emplois de sapeurs-pompiers professionnel<\/li>\n<\/ul>\n<p>&nbsp;<\/p>\n<p><strong><em>Apr\u00e8s les d\u00e9crets de f\u00e9vrier 2014, nous avions cette situation\u00a0: <\/em><\/strong><br \/>\nLe grade de caporal-chef \u00e9quivaut \u00e0 l\u2019\u00e9chelle 6<br \/>\nL\u2019indice brut\u00a0 terminal est de 536 pour ce grade soit le 9\u00e8me \u00e9chelon<\/p>\n<p>Le grade de sergent a pour indice brut terminal 499 soit le 8\u00e8me \u00e9chelon<\/p>\n<p>Le grade d&#8217;adjudant a pour indice brut terminal 529 soit le 9\u00e8me \u00e9chelon<\/p>\n<p><strong><em>Le probl\u00e8me se porte sur les indices bruts sur les derniers \u00e9chelons, avec une meilleure perception en r\u00e9mun\u00e9ration pour le caporal \u2013 chef par rapport \u00e0 un adjudant et un sergent en fin de grille.<\/em><\/strong><\/p>\n<p><strong><br \/>\n<\/strong><strong><em>Au 1<sup>er<\/sup> juillet et la parution des d\u00e9crets cit\u00e9s ci \u2013 dessus, la situation est telle:<\/em><\/strong><br \/>\nLa grille du grade de sergent se voit cr\u00e9er un 9<sup>\u00e8me<\/sup> \u00e9chelon qui aura pour indice brut terminal 543 et 550 en 2015.<br \/>\nL\u2019indice brut pour le 8\u00e8me \u00e9chelon de ce grade passe \u00e0 500 et 506 en 2015.<\/p>\n<p>La grille du grade d&#8217;adjudant se voit cr\u00e9er un 10<sup>\u00e8me<\/sup> \u00e9chelon qui aura pour indice brut terminal 567 et 574 en 2015.<br \/>\nL\u2019indice brut pour le 9\u00e8me \u00e9chelon passe \u00e0 543 et 550 en 2015.<\/p>\n<p>L\u2019indice brut terminal du caporal \u2013 chef reste quant \u00e0 lui, \u00e0 536 (9<sup>\u00e8me<\/sup> \u00e9chelon).<\/p>\n<p><strong>Attention!!!!!!!!!!!!!!!!!!!!!!!<\/strong><\/p>\n<p><strong>\u00a0<\/strong><\/p>\n<p>Suite \u00e0 ces parutions, nous avons observ\u00e9 qu\u2019il n&#8217;apparaissait pas l&#8217;effet r\u00e9troactif au 1<sup>er<\/sup> f\u00e9vrier comme cela a pu \u00eatre dit lors des n\u00e9gociations.<br \/>\nC\u2019est pourquoi, l&#8217;Union Syndicale SUD SDIS<b>\u00a0<\/b>a d\u00e9j\u00e0 pris\u00a0contact, d\u00e8s \u00e0 pr\u00e9sent, avec la <strong>D<\/strong>irection <strong>G<\/strong>\u00e9n\u00e9rale des <strong>A<\/strong>ffaires <strong>P<\/strong>ubliques pour obtenir une explication \u00e0 ce manque constat\u00e9.<\/p>\n<p>&nbsp;<\/p>\n<p><em>Nous ne manquerons pas de vous communiquer le fruit de cette d\u00e9marche.<\/em><\/p>\n<p>&nbsp;<\/p>\n<div class=\"trackable_sharing\"><div class=\"trackable_sharing_text\"><b>Partager avec<\/b><\/div><a href=\"http:\/\/www.facebook.com\/sharer.php?u=https%3A%2F%2Fwww.sud-sdis84.fr%2F%3Fp%3D939\" style=\"text-decoration: none; white-space: nowrap;\" title=\"Facebook\" target=\"_blank\" onclick=\"that=this;_gaq.push(['_trackEvent','SocialSharing','Facebook','https:\/\/www.sud-sdis84.fr\/?p=939']); _trackableshare_window = window.open(this.href,'share','menubar=0,resizable=1,width=500,height=350'); _trackableshare_window.focus(); return false;\"><img align=\"absmiddle\" src=\"https:\/\/www.sud-sdis84.fr\/wp-content\/plugins\/trackable-social-share-icons\/buttons\/1\/\/facebook.png\" alt=\"Facebook\" width=\"32\" height=\"32\"><\/a> <a href=\"http:\/\/twitter.com\/share?url=https%3A%2F%2Fwww.sud-sdis84.fr%2F%3Fp%3D939&text=Nouvelles+grilles+indiciaires+sergents+et+adjudants\" style=\"text-decoration: none; white-space: nowrap;\" title=\"Twitter\" target=\"_blank\" onclick=\"that=this;_gaq.push(['_trackEvent','SocialSharing','Twitter','https:\/\/www.sud-sdis84.fr\/?p=939']); _trackableshare_window = window.open(this.href,'share','menubar=0,resizable=1,width=500,height=350'); _trackableshare_window.focus(); return false;\"><img align=\"absmiddle\" src=\"https:\/\/www.sud-sdis84.fr\/wp-content\/plugins\/trackable-social-share-icons\/buttons\/1\/\/twitter.png\" alt=\"Twitter\" width=\"32\" height=\"32\"><\/a> <a href=\"mailto:?subject=Check out https%3A%2F%2Fwww.sud-sdis84.fr%2F%3Fp%3D939\" style=\"text-decoration: none; white-space: nowrap;\" title=\"Email\" onclick=\"that=this;_gaq.push(['_trackEvent','SocialSharing','Email','https:\/\/www.sud-sdis84.fr\/?p=939']); \"><img align=\"absmiddle\" src=\"https:\/\/www.sud-sdis84.fr\/wp-content\/plugins\/trackable-social-share-icons\/buttons\/1\/\/email.png\" alt=\"Email\" width=\"32\" height=\"32\"><\/a> <\/div>","protected":false},"excerpt":{"rendered":"<p>Nouvelles\u00a0grilles pour les sergents et adjudants: parution au 1er juillet (\u00e0 priori sur la paye d&#8217;Ao\u00fbt) Partager avec<\/p>\n","protected":false},"author":1,"featured_media":1025,"comment_status":"open","ping_status":"open","sticky":false,"template":"","format":"aside","meta":[],"categories":[1],"tags":[],"_links":{"self":[{"href":"https:\/\/www.sud-sdis84.fr\/index.php?rest_route=\/wp\/v2\/posts\/939"}],"collection":[{"href":"https:\/\/www.sud-sdis84.fr\/index.php?rest_route=\/wp\/v2\/posts"}],"about":[{"href":"https:\/\/www.sud-sdis84.fr\/index.php?rest_route=\/wp\/v2\/types\/post"}],"author":[{"embeddable":true,"href":"https:\/\/www.sud-sdis84.fr\/index.php?rest_route=\/wp\/v2\/users\/1"}],"replies":[{"embeddable":true,"href":"https:\/\/www.sud-sdis84.fr\/index.php?rest_route=%2Fwp%2Fv2%2Fcomments&post=939"}],"version-history":[{"count":3,"href":"https:\/\/www.sud-sdis84.fr\/index.php?rest_route=\/wp\/v2\/posts\/939\/revisions"}],"predecessor-version":[{"id":949,"href":"https:\/\/www.sud-sdis84.fr\/index.php?rest_route=\/wp\/v2\/posts\/939\/revisions\/949"}],"wp:featuredmedia":[{"embeddable":true,"href":"https:\/\/www.sud-sdis84.fr\/index.php?rest_route=\/wp\/v2\/media\/1025"}],"wp:attachment":[{"href":"https:\/\/www.sud-sdis84.fr\/index.php?rest_route=%2Fwp%2Fv2%2Fmedia&parent=939"}],"wp:term":[{"taxonomy":"category","embeddable":true,"href":"https:\/\/www.sud-sdis84.fr\/index.php?rest_route=%2Fwp%2Fv2%2Fcategories&post=939"},{"taxonomy":"post_tag","embeddable":true,"href":"https:\/\/www.sud-sdis84.fr\/index.php?rest_route=%2Fwp%2Fv2%2Ftags&post=939"}],"curies":[{"name":"wp","href":"https:\/\/api.w.org\/{rel}","templated":true}]}}