{"id":954,"date":"2014-10-01T14:48:22","date_gmt":"2014-10-01T12:48:22","guid":{"rendered":"http:\/\/www.sud-sdis84.fr\/?p=954"},"modified":"2016-05-18T15:31:34","modified_gmt":"2016-05-18T13:31:34","slug":"congres-national-sud-sdis-a-nimes","status":"publish","type":"post","link":"https:\/\/www.sud-sdis84.fr\/?p=954","title":{"rendered":"Congr\u00e9s National Sud Sdis \u00e0 N\u00eemes"},"content":{"rendered":"<p>Le bureau national sud se r\u00e9unit du 10 au 12 Octobre 2014 \u00e0 N\u00eemes (30).<br \/>\nPour l&#8217;ouverture du congr\u00e8s national SUD dans le Gard, nous sommes accueillis par Mr le Pr\u00e9sident et le DDSIS du Gard.<\/p>\n<p>Vos repr\u00e9sentant sud sdis 84 y sont pr\u00e9sent.<\/p>\n<p>\u00e0 l&#8217;ordre du jour:<\/p>\n<ul>\n<li>les statuts<\/li>\n<li>les finances<\/li>\n<li>la nbi zus<\/li>\n<li>le temps de travail<\/li>\n<li>liste non exhaustive &#8230;<\/li>\n<\/ul>\n<p><img decoding=\"async\" loading=\"lazy\" class=\"aligncenter size-full wp-image-955\" src=\"https:\/\/www.sud-sdis84.fr\/wp-content\/uploads\/2014\/10\/nimes1.jpg\" alt=\"nimes1\" width=\"960\" height=\"540\" srcset=\"https:\/\/www.sud-sdis84.fr\/wp-content\/uploads\/2014\/10\/nimes1.jpg 960w, https:\/\/www.sud-sdis84.fr\/wp-content\/uploads\/2014\/10\/nimes1-300x168.jpg 300w, https:\/\/www.sud-sdis84.fr\/wp-content\/uploads\/2014\/10\/nimes1-600x337.jpg 600w, https:\/\/www.sud-sdis84.fr\/wp-content\/uploads\/2014\/10\/nimes1-900x506.jpg 900w\" sizes=\"(max-width: 960px) 100vw, 960px\" \/> <img decoding=\"async\" loading=\"lazy\" class=\"aligncenter size-full wp-image-956\" src=\"https:\/\/www.sud-sdis84.fr\/wp-content\/uploads\/2014\/10\/nimes2.jpg\" alt=\"nimes2\" width=\"960\" height=\"720\" srcset=\"https:\/\/www.sud-sdis84.fr\/wp-content\/uploads\/2014\/10\/nimes2.jpg 960w, https:\/\/www.sud-sdis84.fr\/wp-content\/uploads\/2014\/10\/nimes2-300x225.jpg 300w, https:\/\/www.sud-sdis84.fr\/wp-content\/uploads\/2014\/10\/nimes2-600x450.jpg 600w, https:\/\/www.sud-sdis84.fr\/wp-content\/uploads\/2014\/10\/nimes2-900x675.jpg 900w\" sizes=\"(max-width: 960px) 100vw, 960px\" \/><\/p>\n<div class=\"trackable_sharing\"><div class=\"trackable_sharing_text\"><b>Partager avec<\/b><\/div><a href=\"http:\/\/www.facebook.com\/sharer.php?u=https%3A%2F%2Fwww.sud-sdis84.fr%2F%3Fp%3D954\" style=\"text-decoration: none; white-space: nowrap;\" title=\"Facebook\" target=\"_blank\" onclick=\"that=this;_gaq.push(['_trackEvent','SocialSharing','Facebook','https:\/\/www.sud-sdis84.fr\/?p=954']); _trackableshare_window = window.open(this.href,'share','menubar=0,resizable=1,width=500,height=350'); _trackableshare_window.focus(); return false;\"><img align=\"absmiddle\" src=\"https:\/\/www.sud-sdis84.fr\/wp-content\/plugins\/trackable-social-share-icons\/buttons\/1\/\/facebook.png\" alt=\"Facebook\" width=\"32\" height=\"32\"><\/a> <a href=\"http:\/\/twitter.com\/share?url=https%3A%2F%2Fwww.sud-sdis84.fr%2F%3Fp%3D954&text=Congr%C3%A9s+National+Sud+Sdis+%C3%A0+N%C3%AEmes\" style=\"text-decoration: none; white-space: nowrap;\" title=\"Twitter\" target=\"_blank\" onclick=\"that=this;_gaq.push(['_trackEvent','SocialSharing','Twitter','https:\/\/www.sud-sdis84.fr\/?p=954']); _trackableshare_window = window.open(this.href,'share','menubar=0,resizable=1,width=500,height=350'); _trackableshare_window.focus(); return false;\"><img align=\"absmiddle\" src=\"https:\/\/www.sud-sdis84.fr\/wp-content\/plugins\/trackable-social-share-icons\/buttons\/1\/\/twitter.png\" alt=\"Twitter\" width=\"32\" height=\"32\"><\/a> <a href=\"mailto:?subject=Check out https%3A%2F%2Fwww.sud-sdis84.fr%2F%3Fp%3D954\" style=\"text-decoration: none; white-space: nowrap;\" title=\"Email\" onclick=\"that=this;_gaq.push(['_trackEvent','SocialSharing','Email','https:\/\/www.sud-sdis84.fr\/?p=954']); \"><img align=\"absmiddle\" src=\"https:\/\/www.sud-sdis84.fr\/wp-content\/plugins\/trackable-social-share-icons\/buttons\/1\/\/email.png\" alt=\"Email\" width=\"32\" height=\"32\"><\/a> <\/div>","protected":false},"excerpt":{"rendered":"<p>Le bureau national sud se r\u00e9unit du 10 au 12 Octobre 2014 \u00e0 N\u00eemes (30). Pour l&#8217;ouverture du congr\u00e8s national SUD dans le Gard, nous sommes accueillis par Mr le [&hellip;]<\/p>\n","protected":false},"author":1,"featured_media":956,"comment_status":"open","ping_status":"open","sticky":false,"template":"","format":"standard","meta":[],"categories":[16],"tags":[],"_links":{"self":[{"href":"https:\/\/www.sud-sdis84.fr\/index.php?rest_route=\/wp\/v2\/posts\/954"}],"collection":[{"href":"https:\/\/www.sud-sdis84.fr\/index.php?rest_route=\/wp\/v2\/posts"}],"about":[{"href":"https:\/\/www.sud-sdis84.fr\/index.php?rest_route=\/wp\/v2\/types\/post"}],"author":[{"embeddable":true,"href":"https:\/\/www.sud-sdis84.fr\/index.php?rest_route=\/wp\/v2\/users\/1"}],"replies":[{"embeddable":true,"href":"https:\/\/www.sud-sdis84.fr\/index.php?rest_route=%2Fwp%2Fv2%2Fcomments&post=954"}],"version-history":[{"count":3,"href":"https:\/\/www.sud-sdis84.fr\/index.php?rest_route=\/wp\/v2\/posts\/954\/revisions"}],"predecessor-version":[{"id":959,"href":"https:\/\/www.sud-sdis84.fr\/index.php?rest_route=\/wp\/v2\/posts\/954\/revisions\/959"}],"wp:featuredmedia":[{"embeddable":true,"href":"https:\/\/www.sud-sdis84.fr\/index.php?rest_route=\/wp\/v2\/media\/956"}],"wp:attachment":[{"href":"https:\/\/www.sud-sdis84.fr\/index.php?rest_route=%2Fwp%2Fv2%2Fmedia&parent=954"}],"wp:term":[{"taxonomy":"category","embeddable":true,"href":"https:\/\/www.sud-sdis84.fr\/index.php?rest_route=%2Fwp%2Fv2%2Fcategories&post=954"},{"taxonomy":"post_tag","embeddable":true,"href":"https:\/\/www.sud-sdis84.fr\/index.php?rest_route=%2Fwp%2Fv2%2Ftags&post=954"}],"curies":[{"name":"wp","href":"https:\/\/api.w.org\/{rel}","templated":true}]}}